{"id":6738,"date":"2024-02-05T09:02:45","date_gmt":"2024-02-05T08:02:45","guid":{"rendered":"https:\/\/www.ballinipitt.lu\/cfl-dernier-sol-3\/"},"modified":"2026-04-04T07:11:41","modified_gmt":"2026-04-04T06:11:41","slug":"cfl-dernier-sol-3","status":"publish","type":"post","link":"https:\/\/www.ballinipitt.lu\/de\/cfl-dernier-sol-3\/","title":{"rendered":"CFL Dernier Sol"},"content":{"rendered":"\t\t<div data-elementor-type=\"wp-post\" data-elementor-id=\"6738\" class=\"elementor elementor-6738 elementor-5586\" data-elementor-settings=\"{&quot;scroll_snap&quot;:&quot;yes&quot;}\" data-elementor-post-type=\"post\">\n\t\t\t\t\t\t<section class=\"elementor-section elementor-top-section elementor-element elementor-element-2f2c2f73 elementor-section-boxed elementor-section-height-default elementor-section-height-default\" data-id=\"2f2c2f73\" data-element_type=\"section\" data-e-type=\"section\">\n\t\t\t\t\t\t<div class=\"elementor-container elementor-column-gap-default\">\n\t\t\t\t\t<div class=\"elementor-column elementor-col-100 elementor-top-column elementor-element elementor-element-691f86a9\" data-id=\"691f86a9\" data-element_type=\"column\" data-e-type=\"column\">\n\t\t\t<div class=\"elementor-widget-wrap elementor-element-populated\">\n\t\t\t\t\t\t<div class=\"elementor-element elementor-element-123c2d85 elementor-widget elementor-widget-spacer\" data-id=\"123c2d85\" data-element_type=\"widget\" data-e-type=\"widget\" data-widget_type=\"spacer.default\">\n\t\t\t\t<div class=\"elementor-widget-container\">\n\t\t\t\t\t\t\t<div class=\"elementor-spacer\">\n\t\t\t<div class=\"elementor-spacer-inner\"><\/div>\n\t\t<\/div>\n\t\t\t\t\t\t<\/div>\n\t\t\t\t<\/div>\n\t\t\t\t<div class=\"elementor-element elementor-element-3ca5785e elementor-arrows-position-inside elementor-pagination-position-outside elementor-widget elementor-widget-image-carousel\" data-id=\"3ca5785e\" data-element_type=\"widget\" data-e-type=\"widget\" data-settings=\"{&quot;slides_to_show&quot;:&quot;1&quot;,&quot;effect&quot;:&quot;fade&quot;,&quot;navigation&quot;:&quot;both&quot;,&quot;autoplay&quot;:&quot;yes&quot;,&quot;pause_on_hover&quot;:&quot;yes&quot;,&quot;pause_on_interaction&quot;:&quot;yes&quot;,&quot;autoplay_speed&quot;:5000,&quot;infinite&quot;:&quot;yes&quot;,&quot;speed&quot;:500}\" data-widget_type=\"image-carousel.default\">\n\t\t\t\t<div class=\"elementor-widget-container\">\n\t\t\t\t\t\t\t<div class=\"elementor-image-carousel-wrapper swiper\" role=\"region\" aria-roledescription=\"carousel\" aria-label=\"Bild Karussell\" dir=\"ltr\">\n\t\t\t<div class=\"elementor-image-carousel swiper-wrapper\" aria-live=\"off\">\n\t\t\t\t\t\t\t\t<div class=\"swiper-slide\" role=\"group\" aria-roledescription=\"slide\" aria-label=\"1 von 5\"><a data-elementor-open-lightbox=\"yes\" data-elementor-lightbox-slideshow=\"3ca5785e\" data-e-action-hash=\"#elementor-action%3Aaction%3Dlightbox%26settings%3DeyJpZCI6NTU1MCwidXJsIjoiaHR0cHM6XC9cL3d3dy5iYWxsaW5pcGl0dC5sdVwvd3AtY29udGVudFwvdXBsb2Fkc1wvMjAyNFwvMDFcL0NGTC1EZXJuaWVyLVNvbC1iYXRpbWVudC1hZG1pbmlzdHJhdGlmLXZ1ZS1hZXJpZW5uZS1MdXhlbWJvdXJnLVx1MDBhOVNNLUJBTExJTklQSVRULUFSRVAtVFBGLmpwZyIsInNsaWRlc2hvdyI6IjNjYTU3ODVlIn0%3D\" href=\"https:\/\/www.ballinipitt.lu\/wp-content\/uploads\/2024\/01\/CFL-Dernier-Sol-batiment-administratif-vue-aerienne-Luxembourg-\u00a9SM-BALLINIPITT-AREP-TPF.jpg\"><figure class=\"swiper-slide-inner\"><img decoding=\"async\" class=\"swiper-slide-image\" src=\"https:\/\/www.ballinipitt.lu\/wp-content\/uploads\/2024\/01\/CFL-Dernier-Sol-batiment-administratif-vue-aerienne-Luxembourg-\u00a9SM-BALLINIPITT-AREP-TPF-768x495.jpg\" alt=\"CFL-Dernier-Sol-batiment-administratif-vue-aerienne-Luxembourg-\u00a9SM-BALLINIPITT-AREP-TPF\" \/><\/figure><\/a><\/div><div class=\"swiper-slide\" role=\"group\" aria-roledescription=\"slide\" aria-label=\"2 von 5\"><a data-elementor-open-lightbox=\"yes\" data-elementor-lightbox-slideshow=\"3ca5785e\" data-e-action-hash=\"#elementor-action%3Aaction%3Dlightbox%26settings%3DeyJpZCI6NTU1MywidXJsIjoiaHR0cHM6XC9cL3d3dy5iYWxsaW5pcGl0dC5sdVwvd3AtY29udGVudFwvdXBsb2Fkc1wvMjAyNFwvMDFcL0NGTC1EZXJuaWVyLVNvbC1oYWxsZS1ydWUtaW50ZXJpZXVyZS1iYXRpbWVudC1hZG1pbmlzdHJhdGlmLUx1eGVtYm91cmctXHUwMGE5U00tQkFMTElOSVBJVFQtQVJFUC1UUEYuanBnIiwic2xpZGVzaG93IjoiM2NhNTc4NWUifQ%3D%3D\" href=\"https:\/\/www.ballinipitt.lu\/wp-content\/uploads\/2024\/01\/CFL-Dernier-Sol-halle-rue-interieure-batiment-administratif-Luxembourg-\u00a9SM-BALLINIPITT-AREP-TPF.jpg\"><figure class=\"swiper-slide-inner\"><img decoding=\"async\" class=\"swiper-slide-image\" src=\"https:\/\/www.ballinipitt.lu\/wp-content\/uploads\/2024\/01\/CFL-Dernier-Sol-halle-rue-interieure-batiment-administratif-Luxembourg-\u00a9SM-BALLINIPITT-AREP-TPF-768x452.jpg\" alt=\"CFL-Dernier-Sol-halle-rue-interieure-batiment-administratif-Luxembourg-\u00a9SM-BALLINIPITT-AREP-TPF\" \/><\/figure><\/a><\/div><div class=\"swiper-slide\" role=\"group\" aria-roledescription=\"slide\" aria-label=\"3 von 5\"><a data-elementor-open-lightbox=\"yes\" data-elementor-lightbox-slideshow=\"3ca5785e\" data-e-action-hash=\"#elementor-action%3Aaction%3Dlightbox%26settings%3DeyJpZCI6NTU1NiwidXJsIjoiaHR0cHM6XC9cL3d3dy5iYWxsaW5pcGl0dC5sdVwvd3AtY29udGVudFwvdXBsb2Fkc1wvMjAyNFwvMDFcL0NGTC1EZXJuaWVyLVNvbC1Ob3JkLWJhdGltZW50LWFkbWluaXN0cmF0aWYtaW5kdXN0cmllbC1wb2x5Y2FyYm9uYXRlLWZhY2FkZS1ib2lzLUx1eGVtYm91cmctXHUwMGE5U00tQkFMTElOSVBJVFQtQVJFUC1UUEYuanBnIiwic2xpZGVzaG93IjoiM2NhNTc4NWUifQ%3D%3D\" href=\"https:\/\/www.ballinipitt.lu\/wp-content\/uploads\/2024\/01\/CFL-Dernier-Sol-Nord-batiment-administratif-industriel-polycarbonate-facade-bois-Luxembourg-\u00a9SM-BALLINIPITT-AREP-TPF.jpg\"><figure class=\"swiper-slide-inner\"><img decoding=\"async\" class=\"swiper-slide-image\" src=\"https:\/\/www.ballinipitt.lu\/wp-content\/uploads\/2024\/01\/CFL-Dernier-Sol-Nord-batiment-administratif-industriel-polycarbonate-facade-bois-Luxembourg-\u00a9SM-BALLINIPITT-AREP-TPF-768x454.jpg\" alt=\"CFL-Dernier-Sol-Nord-batiment-administratif-industriel-polycarbonate-fa\u00e7ade-bois-Luxembourg-\u00a9SM-BALLINIPITT-AREP-TPF\" \/><\/figure><\/a><\/div><div class=\"swiper-slide\" role=\"group\" aria-roledescription=\"slide\" aria-label=\"4 von 5\"><a data-elementor-open-lightbox=\"yes\" data-elementor-lightbox-slideshow=\"3ca5785e\" data-e-action-hash=\"#elementor-action%3Aaction%3Dlightbox%26settings%3DeyJpZCI6NTU1OSwidXJsIjoiaHR0cHM6XC9cL3d3dy5iYWxsaW5pcGl0dC5sdVwvd3AtY29udGVudFwvdXBsb2Fkc1wvMjAyNFwvMDFcL0NGTC1EZXJuaWVyLVNvbC1TdWQtYmF0aW1lbnQtYWRtaW5pc3RyYXRpZi1MdXhlbWJvdXJnLVx1MDBhOVNNLUJBTExJTklQSVRULUFSRVAtVFBGLmpwZyIsInNsaWRlc2hvdyI6IjNjYTU3ODVlIn0%3D\" href=\"https:\/\/www.ballinipitt.lu\/wp-content\/uploads\/2024\/01\/CFL-Dernier-Sol-Sud-batiment-administratif-Luxembourg-\u00a9SM-BALLINIPITT-AREP-TPF.jpg\"><figure class=\"swiper-slide-inner\"><img decoding=\"async\" class=\"swiper-slide-image\" src=\"https:\/\/www.ballinipitt.lu\/wp-content\/uploads\/2024\/01\/CFL-Dernier-Sol-Sud-batiment-administratif-Luxembourg-\u00a9SM-BALLINIPITT-AREP-TPF-768x452.jpg\" alt=\"CFL-Dernier-Sol-Sud-batiment-administratif-Luxembourg-\u00a9SM-BALLINIPITT-AREP-TPF\" \/><\/figure><\/a><\/div><div class=\"swiper-slide\" role=\"group\" aria-roledescription=\"slide\" aria-label=\"5 von 5\"><a data-elementor-open-lightbox=\"yes\" data-elementor-lightbox-slideshow=\"3ca5785e\" data-e-action-hash=\"#elementor-action%3Aaction%3Dlightbox%26settings%3DeyJpZCI6NTU0NywidXJsIjoiaHR0cHM6XC9cL3d3dy5iYWxsaW5pcGl0dC5sdVwvd3AtY29udGVudFwvdXBsb2Fkc1wvMjAyNFwvMDFcL0NGTC1EZXJuaWVyLVNvbC1iYXRpbWVudC1hZG1pbmlzdHJhdGlmLXBsYW4tbWFzc2UtTHV4ZW1ib3VyZy1cdTAwYTlTTS1CQUxMSU5JUElUVC1BUkVQLVRQRi5qcGciLCJzbGlkZXNob3ciOiIzY2E1Nzg1ZSJ9\" href=\"https:\/\/www.ballinipitt.lu\/wp-content\/uploads\/2024\/01\/CFL-Dernier-Sol-batiment-administratif-plan-masse-Luxembourg-\u00a9SM-BALLINIPITT-AREP-TPF.jpg\"><figure class=\"swiper-slide-inner\"><img decoding=\"async\" class=\"swiper-slide-image\" src=\"https:\/\/www.ballinipitt.lu\/wp-content\/uploads\/2024\/01\/CFL-Dernier-Sol-batiment-administratif-plan-masse-Luxembourg-\u00a9SM-BALLINIPITT-AREP-TPF-768x468.jpg\" alt=\"CFL-Dernier-Sol-batiment-administratif-plan-masse-Luxembourg-\u00a9SM-BALLINIPITT-AREP-TPF\" \/><\/figure><\/a><\/div>\t\t\t<\/div>\n\t\t\t\t\t\t\t\t\t\t\t\t<div class=\"elementor-swiper-button elementor-swiper-button-prev\" role=\"button\" tabindex=\"0\">\n\t\t\t\t\t\t<i aria-hidden=\"true\" class=\"eicon-chevron-left\"><\/i>\t\t\t\t\t<\/div>\n\t\t\t\t\t<div class=\"elementor-swiper-button elementor-swiper-button-next\" role=\"button\" tabindex=\"0\">\n\t\t\t\t\t\t<i aria-hidden=\"true\" class=\"eicon-chevron-right\"><\/i>\t\t\t\t\t<\/div>\n\t\t\t\t\n\t\t\t\t\t\t\t\t\t<div class=\"swiper-pagination\"><\/div>\n\t\t\t\t\t\t\t\t\t<\/div>\n\t\t\t\t\t\t<\/div>\n\t\t\t\t<\/div>\n\t\t\t\t\t<\/div>\n\t\t<\/div>\n\t\t\t\t\t<\/div>\n\t\t<\/section>\n\t\t\t\t<section class=\"elementor-section elementor-top-section elementor-element elementor-element-4366226f elementor-section-boxed elementor-section-height-default elementor-section-height-default\" data-id=\"4366226f\" data-element_type=\"section\" data-e-type=\"section\">\n\t\t\t\t\t\t<div class=\"elementor-container elementor-column-gap-default\">\n\t\t\t\t\t<div class=\"elementor-column elementor-col-100 elementor-top-column elementor-element elementor-element-24611b35\" data-id=\"24611b35\" data-element_type=\"column\" data-e-type=\"column\">\n\t\t\t<div class=\"elementor-widget-wrap elementor-element-populated\">\n\t\t\t\t\t\t<div class=\"elementor-element elementor-element-7fb45b91 elementor-widget elementor-widget-breadcrumbs\" data-id=\"7fb45b91\" data-element_type=\"widget\" data-e-type=\"widget\" data-widget_type=\"breadcrumbs.default\">\n\t\t\t\t<div class=\"elementor-widget-container\">\n\t\t\t\t\t<p id=\"breadcrumbs\"><span><span><a href=\"https:\/\/www.ballinipitt.lu\/de\/start\/\">BALLINIPITT<\/a><\/span><\/span><\/p>\t\t\t\t<\/div>\n\t\t\t\t<\/div>\n\t\t\t\t<div class=\"elementor-element elementor-element-781e562 elementor-widget elementor-widget-theme-post-title elementor-page-title elementor-widget-heading\" data-id=\"781e562\" data-element_type=\"widget\" data-e-type=\"widget\" data-widget_type=\"theme-post-title.default\">\n\t\t\t\t<div class=\"elementor-widget-container\">\n\t\t\t\t\t<h1 class=\"elementor-heading-title elementor-size-default\">CFL Dernier Sol<\/h1>\t\t\t\t<\/div>\n\t\t\t\t<\/div>\n\t\t\t\t<div class=\"elementor-element elementor-element-57764eaf elementor-widget elementor-widget-theme-post-excerpt\" data-id=\"57764eaf\" data-element_type=\"widget\" data-e-type=\"widget\" data-widget_type=\"theme-post-excerpt.default\">\n\t\t\t\t<div class=\"elementor-widget-container\">\n\t\t\t\t\tEin neues CFL-Verwaltungsgeb\u00e4ude wird auf einem Grundst\u00fcck im Herzen des Luxemburger Stadtteils Dernier Sol errichtet.\t\t\t\t<\/div>\n\t\t\t\t<\/div>\n\t\t\t\t<section class=\"elementor-section elementor-inner-section elementor-element elementor-element-54b92ad7 elementor-section-boxed elementor-section-height-default elementor-section-height-default\" data-id=\"54b92ad7\" data-element_type=\"section\" data-e-type=\"section\">\n\t\t\t\t\t\t<div class=\"elementor-container elementor-column-gap-default\">\n\t\t\t\t\t<div class=\"elementor-column elementor-col-50 elementor-inner-column elementor-element elementor-element-39dd8311\" data-id=\"39dd8311\" data-element_type=\"column\" data-e-type=\"column\">\n\t\t\t<div class=\"elementor-widget-wrap elementor-element-populated\">\n\t\t\t\t\t\t<div class=\"elementor-element elementor-element-556fdbae elementor-widget elementor-widget-text-editor\" data-id=\"556fdbae\" data-element_type=\"widget\" data-e-type=\"widget\" data-widget_type=\"text-editor.default\">\n\t\t\t\t<div class=\"elementor-widget-container\">\n\t\t\t\t\t\t\t\t\t<p>Die CFL organisierte einen Wettbewerb f\u00fcr den Entwurf und Bau eines neuen Verwaltungsgeb\u00e4udes auf einem Grundst\u00fcck im Herzen des neuen Stadtteils Dernier Sol in Luxemburg. Dieses Geb\u00e4ude wird zur Unterbringung der Abteilung f\u00fcr Infrastrukturinstandhaltung und zur B\u00fcndelung verschiedener Standortanforderungen (Bus, Bahn, Ausr\u00fcstung) genutzt werden. <\/p>\n<p>In der Entwurfsphase greifen wir nicht nur die industrielle Identit\u00e4t des Kontextes auf, sondern antizipieren auch die Transformation des Viertels. Der Bau des neuen CFL-Geb\u00e4udes wird zur Erneuerung dieses urbanen Randbereichs beitragen, indem er eine st\u00e4dtische Front am Boulevard de Kyiv schafft und gleichzeitig den gemischten Charakter des Viertels respektiert. Die Ankunft der Stra\u00dfenbahn hat das Viertel bereits tiefgreifend ver\u00e4ndert und den Standort nur 5 Minuten vom Hauptbahnhof und 10 Minuten vom Stadtzentrum entfernt positioniert.  <\/p>\n<p>Wir schlagen ein Geb\u00e4ude vor, das sich in das bestehende industrielle Umfeld einf\u00fcgt und den \u00dcbergang zu einer neuen Urbanit\u00e4t einleitet. Die Volumetrie ist einfach und auf den ersten Blick verst\u00e4ndlich, mit prismatischen Bl\u00f6cken, deren H\u00f6he zur Peripherie hin abnimmt und den Stadtausgang begleitet. Der architektonische Ausdruck ist gepr\u00e4gt vom Kontrast zwischen dem industriellen Stil der Giebel und dem w\u00e4rmeren Vokabular der Doppelfassaden mit Holz im Hintergrund.  <\/p>\n<p>Wir stellen Lebewesen in den Mittelpunkt unseres Projekts. Wir haben besonderes Augenmerk auf die Reduzierung der Versiegelung und die Erh\u00f6hung der Baumanzahl auf dem Gel\u00e4nde gelegt. Diese nat\u00fcrliche Umgebung erstreckt sich bis an den Rand der B\u00fcrgersteige der Allee.  <\/p>\n<p>Die verschiedenen Programmelemente sind beidseitig einer zentralen Halle organisiert, einem echten Ort des Lebens und des Austauschs. Sie schafft einen Treffpunkt in einem lichtdurchfluteten, thermisch komfortablen Raum. Ein gesch\u00fctzter, gemeinschaftlicher Raum im Ma\u00dfstab einer Innenstra\u00dfe.  <\/p>\n<p>Fu\u00dfg\u00e4ngerbr\u00fccken auf allen Etagen verbinden die verschiedenen Geb\u00e4ude. Sie sind weit mehr als nur Verkehrswege, sondern Orte des Lebens und des Austauschs, mit R\u00e4umen f\u00fcr informelles Arbeiten und Entspannung. <\/p>\n<p>Mit der gro\u00dfen Halle haben die Nutzer Zugang zu halboffenen, thermisch komfortablen R\u00e4umen, die mobiles Arbeiten erm\u00f6glichen. Die vertikalen Zirkulationen, die sich in ihrem Volumen entfalten, f\u00f6rdern t\u00e4gliche Begegnungen. Wir verfolgen funktionale, technische und architektonische Ans\u00e4tze, die auf Rationalit\u00e4t und Langlebigkeit basieren.  <\/p>\n\t\t\t\t\t\t\t\t<\/div>\n\t\t\t\t<\/div>\n\t\t\t\t\t<\/div>\n\t\t<\/div>\n\t\t\t\t<div class=\"elementor-column elementor-col-50 elementor-inner-column elementor-element elementor-element-efd5f28\" data-id=\"efd5f28\" data-element_type=\"column\" data-e-type=\"column\">\n\t\t\t<div class=\"elementor-widget-wrap elementor-element-populated\">\n\t\t\t\t\t\t<div class=\"elementor-element elementor-element-17c7d698 elementor-widget elementor-widget-text-editor\" data-id=\"17c7d698\" data-element_type=\"widget\" data-e-type=\"widget\" data-widget_type=\"text-editor.default\">\n\t\t\t\t<div class=\"elementor-widget-container\">\n\t\t\t\t\t\t\t\t\t<p>Angesichts des besonders dichten st\u00e4dtischen Umfelds (Eisenbahnen, Stra\u00dfen und Luftwege) sind akustische \u00dcberlegungen eine der gr\u00f6\u00dften Herausforderungen des Projekts. Das Projekt begrenzt L\u00e4rm von au\u00dfen dank hochleistungsf\u00e4higer Fassaden, die einen Doppelhautkomplex integrieren, um die gew\u00fcnschten akustischen Anforderungen (BREEAM excellent + WELL platinum) zu erf\u00fcllen. Angemessener akustischer Komfort im Innenbereich (Absorption und D\u00e4mmung) wird durch Kassettendecken mit absorbierenden Unterseiten gew\u00e4hrleistet, mit gelegentlichen Verst\u00e4rkungen an vertikalen W\u00e4nden in der Innenstra\u00dfe.  <\/p>\n<p>Innen- und Au\u00dfeng\u00e4rten durchbrechen die Grenzen des Geb\u00e4udes und schaffen einen \u00f6ffentlichen Raum in der gro\u00dfen Halle. Die G\u00e4rten, die sich bis zu den Dachterrassen erstrecken, laden die Geb\u00e4udenutzer zu einer anderen Art des Arbeitens ein und bieten auch R\u00e4ume zur Entspannung. Unsere Arbeitsweisen haben sich ge\u00e4ndert, und die Bauindustrie muss in der Lage sein, auf diese neuen Bed\u00fcrfnisse zu reagieren.  <\/p>\n<p>Die B\u00fcros auf beiden Seiten der gemeinsamen Korridore profitieren von der gleichen r\u00e4umlichen Qualit\u00e4t, verf\u00fcgen aber jeweils \u00fcber ein eigenes Zirkulationssystem, wodurch sie unabh\u00e4ngig sind. Jedes der 6 Module kann je nach Bedarf der Nutzer oder sogar der Wochentage oder Jahreszeiten kombiniert und getrennt werden. Dies erm\u00f6glicht es, den Umfang der CFL-B\u00fcros und der vermieteten B\u00fcros zu entwickeln und an sich \u00e4ndernde Bed\u00fcrfnisse anzupassen. Die Etagen sind ohne abgeh\u00e4ngte Decken und mit einer Struktur konzipiert, die verschiedene Gestaltungsm\u00f6glichkeiten zul\u00e4sst. Das Projekt verf\u00fcgt au\u00dferdem \u00fcber ein Sprinklersystem und wurde so konzipiert, dass es kombinierte oder offene B\u00fcros aufnehmen kann.    <\/p>\n<p>Das strenge Raster von 5,40 m erm\u00f6glicht die Schaffung von Einzel-, Doppel- oder Mehrfachb\u00fcros je nach Bedarf, um die Kombination von kollektiven Arbeitsbereichen und kreativen Werkst\u00e4tten sowie Momente individueller Konzentration und vertraulichere Aktivit\u00e4ten zu erm\u00f6glichen. Dieser Rahmen kann auch an andere Konzepte angepasst werden. <\/p>\n<p>Die barrierefreie Struktur, die mit Holzpfosten und -platten entworfen wurde, bietet maximale Flexibilit\u00e4t und Skalierbarkeit. Auf diese Weise passt sich das Geb\u00e4ude Transformationen an und eignet sich langfristig f\u00fcr m\u00f6gliche Nutzungs\u00e4nderungen, ohne dass umfangreiche Arbeiten erforderlich sind, die seine architektonische Identit\u00e4t besch\u00e4digen w\u00fcrden. <\/p>\n\t\t\t\t\t\t\t\t<\/div>\n\t\t\t\t<\/div>\n\t\t\t\t\t<\/div>\n\t\t<\/div>\n\t\t\t\t\t<\/div>\n\t\t<\/section>\n\t\t\t\t\t<\/div>\n\t\t<\/div>\n\t\t\t\t\t<\/div>\n\t\t<\/section>\n\t\t\t\t<section class=\"elementor-section elementor-top-section elementor-element elementor-element-706cdb19 elementor-section-boxed elementor-section-height-default elementor-section-height-default\" data-id=\"706cdb19\" data-element_type=\"section\" data-e-type=\"section\">\n\t\t\t\t\t\t<div class=\"elementor-container elementor-column-gap-default\">\n\t\t\t\t\t<div class=\"elementor-column elementor-col-100 elementor-top-column elementor-element elementor-element-350d323d\" data-id=\"350d323d\" data-element_type=\"column\" data-e-type=\"column\">\n\t\t\t<div class=\"elementor-widget-wrap elementor-element-populated\">\n\t\t\t\t\t\t<div class=\"elementor-element elementor-element-83a6ca1 elementor-widget-divider--view-line elementor-widget elementor-widget-divider\" data-id=\"83a6ca1\" data-element_type=\"widget\" data-e-type=\"widget\" data-widget_type=\"divider.default\">\n\t\t\t\t<div class=\"elementor-widget-container\">\n\t\t\t\t\t\t\t<div class=\"elementor-divider\">\n\t\t\t<span class=\"elementor-divider-separator\">\n\t\t\t\t\t\t<\/span>\n\t\t<\/div>\n\t\t\t\t\t\t<\/div>\n\t\t\t\t<\/div>\n\t\t\t\t<section class=\"elementor-section elementor-inner-section elementor-element elementor-element-315f3406 elementor-section-boxed elementor-section-height-default elementor-section-height-default\" data-id=\"315f3406\" data-element_type=\"section\" data-e-type=\"section\">\n\t\t\t\t\t\t<div class=\"elementor-container elementor-column-gap-default\">\n\t\t\t\t\t<div class=\"elementor-column elementor-col-25 elementor-inner-column elementor-element elementor-element-5f80252f\" data-id=\"5f80252f\" data-element_type=\"column\" data-e-type=\"column\">\n\t\t\t<div class=\"elementor-widget-wrap elementor-element-populated\">\n\t\t\t\t\t\t<div class=\"elementor-element elementor-element-fca1b06 elementor-icon-list--layout-traditional elementor-list-item-link-full_width elementor-widget elementor-widget-icon-list\" data-id=\"fca1b06\" data-element_type=\"widget\" data-e-type=\"widget\" data-widget_type=\"icon-list.default\">\n\t\t\t\t<div class=\"elementor-widget-container\">\n\t\t\t\t\t\t\t<ul class=\"elementor-icon-list-items\">\n\t\t\t\t\t\t\t<li class=\"elementor-icon-list-item\">\n\t\t\t\t\t\t\t\t\t\t<span class=\"elementor-icon-list-text\"><b>Kunde: <\/b> CFL<\/span>\n\t\t\t\t\t\t\t\t\t<\/li>\n\t\t\t\t\t\t\t\t<li class=\"elementor-icon-list-item\">\n\t\t\t\t\t\t\t\t\t\t<span class=\"elementor-icon-list-text\"><b>Standort: <\/b> Luxemburg-Dernier Sol, Luxemburg<\/span>\n\t\t\t\t\t\t\t\t\t<\/li>\n\t\t\t\t\t\t\t\t<li class=\"elementor-icon-list-item\">\n\t\t\t\t\t\t\t\t\t\t<span class=\"elementor-icon-list-text\"><b>Fl\u00e4che (BGF): <\/b> 15.000 m\u00b2 oberirdisch + 11.500 m\u00b2 unterirdisch (Parkhaus)<\/span>\n\t\t\t\t\t\t\t\t\t<\/li>\n\t\t\t\t\t\t\t\t<li class=\"elementor-icon-list-item\">\n\t\t\t\t\t\t\t\t\t\t<span class=\"elementor-icon-list-text\"><b>Volumen (BV): <\/b> 60.000 m\u00b3 oberirdisch + 36.000 m\u00b3 unterirdisch <\/span>\n\t\t\t\t\t\t\t\t\t<\/li>\n\t\t\t\t\t\t\t\t<li class=\"elementor-icon-list-item\">\n\t\t\t\t\t\t\t\t\t\t<span class=\"elementor-icon-list-text\"><b>Typologie: <\/b> B\u00fcro<\/span>\n\t\t\t\t\t\t\t\t\t<\/li>\n\t\t\t\t\t\t<\/ul>\n\t\t\t\t\t\t<\/div>\n\t\t\t\t<\/div>\n\t\t\t\t\t<\/div>\n\t\t<\/div>\n\t\t\t\t<div class=\"elementor-column elementor-col-25 elementor-inner-column elementor-element elementor-element-1a16247\" data-id=\"1a16247\" data-element_type=\"column\" data-e-type=\"column\">\n\t\t\t<div class=\"elementor-widget-wrap elementor-element-populated\">\n\t\t\t\t\t\t<div class=\"elementor-element elementor-element-c046a44 elementor-icon-list--layout-traditional elementor-list-item-link-full_width elementor-widget elementor-widget-icon-list\" data-id=\"c046a44\" data-element_type=\"widget\" data-e-type=\"widget\" data-widget_type=\"icon-list.default\">\n\t\t\t\t<div class=\"elementor-widget-container\">\n\t\t\t\t\t\t\t<ul class=\"elementor-icon-list-items\">\n\t\t\t\t\t\t\t<li class=\"elementor-icon-list-item\">\n\t\t\t\t\t\t\t\t\t\t<span class=\"elementor-icon-list-text\"><b>Energieklasse:<\/b> A<\/span>\n\t\t\t\t\t\t\t\t\t<\/li>\n\t\t\t\t\t\t\t\t<li class=\"elementor-icon-list-item\">\n\t\t\t\t\t\t\t\t\t\t<span class=\"elementor-icon-list-text\"><b>Zertifizierung: <\/b> BREEAM (excellent), WELL (platinum)<\/span>\n\t\t\t\t\t\t\t\t\t<\/li>\n\t\t\t\t\t\t\t\t<li class=\"elementor-icon-list-item\">\n\t\t\t\t\t\t\t\t\t\t<span class=\"elementor-icon-list-text\"><b>Entwurf:<\/b> 2022<\/span>\n\t\t\t\t\t\t\t\t\t<\/li>\n\t\t\t\t\t\t\t\t<li class=\"elementor-icon-list-item\">\n\t\t\t\t\t\t\t\t\t\t<span class=\"elementor-icon-list-text\"><b>Arbeitsplan: <\/b> <\/span>\n\t\t\t\t\t\t\t\t\t<\/li>\n\t\t\t\t\t\t\t\t<li class=\"elementor-icon-list-item\">\n\t\t\t\t\t\t\t\t\t\t<span class=\"elementor-icon-list-text\"><b>Phase(n):<\/b> Wettbewerb<\/span>\n\t\t\t\t\t\t\t\t\t<\/li>\n\t\t\t\t\t\t<\/ul>\n\t\t\t\t\t\t<\/div>\n\t\t\t\t<\/div>\n\t\t\t\t\t<\/div>\n\t\t<\/div>\n\t\t\t\t<div class=\"elementor-column elementor-col-25 elementor-inner-column elementor-element elementor-element-7947479c\" data-id=\"7947479c\" data-element_type=\"column\" data-e-type=\"column\">\n\t\t\t<div class=\"elementor-widget-wrap elementor-element-populated\">\n\t\t\t\t\t\t<div class=\"elementor-element elementor-element-454a58f8 elementor-icon-list--layout-traditional elementor-list-item-link-full_width elementor-widget elementor-widget-icon-list\" data-id=\"454a58f8\" data-element_type=\"widget\" data-e-type=\"widget\" data-widget_type=\"icon-list.default\">\n\t\t\t\t<div class=\"elementor-widget-container\">\n\t\t\t\t\t\t\t<ul class=\"elementor-icon-list-items\">\n\t\t\t\t\t\t\t<li class=\"elementor-icon-list-item\">\n\t\t\t\t\t\t\t\t\t\t<span class=\"elementor-icon-list-text\"><b>Team: <\/b> Elia Canadell-Navarro, Claude Ballini, Artur Michalak, Eric Pigat<\/span>\n\t\t\t\t\t\t\t\t\t<\/li>\n\t\t\t\t\t\t\t\t<li class=\"elementor-icon-list-item\">\n\t\t\t\t\t\t\t\t\t\t\t<a href=\"https:\/\/www.arep.fr\/\" target=\"_blank\">\n\n\t\t\t\t\t\t\t\t\t\t\t<span class=\"elementor-icon-list-text\"><b>Assoziierter Architekt: <\/b> Groupe AREP<\/span>\n\t\t\t\t\t\t\t\t\t\t\t<\/a>\n\t\t\t\t\t\t\t\t\t<\/li>\n\t\t\t\t\t\t<\/ul>\n\t\t\t\t\t\t<\/div>\n\t\t\t\t<\/div>\n\t\t\t\t\t<\/div>\n\t\t<\/div>\n\t\t\t\t<div class=\"elementor-column elementor-col-25 elementor-inner-column elementor-element elementor-element-51ee2840\" data-id=\"51ee2840\" data-element_type=\"column\" data-e-type=\"column\">\n\t\t\t<div class=\"elementor-widget-wrap elementor-element-populated\">\n\t\t\t\t\t\t<div class=\"elementor-element elementor-element-3d50fbe elementor-icon-list--layout-traditional elementor-list-item-link-full_width elementor-widget elementor-widget-icon-list\" data-id=\"3d50fbe\" data-element_type=\"widget\" data-e-type=\"widget\" data-widget_type=\"icon-list.default\">\n\t\t\t\t<div class=\"elementor-widget-container\">\n\t\t\t\t\t\t\t<ul class=\"elementor-icon-list-items\">\n\t\t\t\t\t\t\t<li class=\"elementor-icon-list-item\">\n\t\t\t\t\t\t\t\t\t\t\t<a href=\"https:\/\/tpf.eu\/fr\" target=\"_blank\">\n\n\t\t\t\t\t\t\t\t\t\t\t<span class=\"elementor-icon-list-text\"><b>Tragwerksplaner: <\/b> TPF<\/span>\n\t\t\t\t\t\t\t\t\t\t\t<\/a>\n\t\t\t\t\t\t\t\t\t<\/li>\n\t\t\t\t\t\t\t\t<li class=\"elementor-icon-list-item\">\n\t\t\t\t\t\t\t\t\t\t\t<a href=\"https:\/\/tpf.eu\/fr\" target=\"_blank\">\n\n\t\t\t\t\t\t\t\t\t\t\t<span class=\"elementor-icon-list-text\"><b>TGA-Ingenieur:<\/b> TPF<\/span>\n\t\t\t\t\t\t\t\t\t\t\t<\/a>\n\t\t\t\t\t\t\t\t\t<\/li>\n\t\t\t\t\t\t\t\t<li class=\"elementor-icon-list-item\">\n\t\t\t\t\t\t\t\t\t\t\t<a href=\"http:\/\/www.ides.lu\/\" target=\"_blank\">\n\n\t\t\t\t\t\t\t\t\t\t\t<span class=\"elementor-icon-list-text\"><b>Energieberater:<\/b> IDES<\/span>\n\t\t\t\t\t\t\t\t\t\t\t<\/a>\n\t\t\t\t\t\t\t\t\t<\/li>\n\t\t\t\t\t\t<\/ul>\n\t\t\t\t\t\t<\/div>\n\t\t\t\t<\/div>\n\t\t\t\t\t<\/div>\n\t\t<\/div>\n\t\t\t\t\t<\/div>\n\t\t<\/section>\n\t\t\t\t<div class=\"elementor-element elementor-element-5c0082ca elementor-widget-divider--view-line elementor-widget elementor-widget-divider\" data-id=\"5c0082ca\" data-element_type=\"widget\" data-e-type=\"widget\" data-widget_type=\"divider.default\">\n\t\t\t\t<div class=\"elementor-widget-container\">\n\t\t\t\t\t\t\t<div class=\"elementor-divider\">\n\t\t\t<span class=\"elementor-divider-separator\">\n\t\t\t\t\t\t<\/span>\n\t\t<\/div>\n\t\t\t\t\t\t<\/div>\n\t\t\t\t<\/div>\n\t\t\t\t<div class=\"elementor-element elementor-element-4416d8af elementor-widget elementor-widget-post-info\" data-id=\"4416d8af\" data-element_type=\"widget\" data-e-type=\"widget\" data-widget_type=\"post-info.default\">\n\t\t\t\t<div class=\"elementor-widget-container\">\n\t\t\t\t\t\t\t<ul class=\"elementor-inline-items elementor-icon-list-items elementor-post-info\">\n\t\t\t\t\t\t\t\t<li class=\"elementor-icon-list-item elementor-repeater-item-24d4c22 elementor-inline-item\" itemprop=\"datePublished\">\n\t\t\t\t\t\t<a href=\"https:\/\/www.ballinipitt.lu\/de\/2024\/02\/05\/\">\n\t\t\t\t\t\t\t\t\t\t\t<span class=\"elementor-icon-list-icon\">\n\t\t\t\t\t\t\t\t<i aria-hidden=\"true\" class=\"fas fa-calendar\"><\/i>\t\t\t\t\t\t\t<\/span>\n\t\t\t\t\t\t\t\t\t<span class=\"elementor-icon-list-text elementor-post-info__item elementor-post-info__item--type-date\">\n\t\t\t\t\t\t\t\t\t\t<time>Februar 5, 2024<\/time>\t\t\t\t\t<\/span>\n\t\t\t\t\t\t\t\t\t<\/a>\n\t\t\t\t<\/li>\n\t\t\t\t<li class=\"elementor-icon-list-item elementor-repeater-item-e3bdda6 elementor-inline-item\" itemprop=\"about\">\n\t\t\t\t\t\t\t\t\t\t<span class=\"elementor-icon-list-icon\">\n\t\t\t\t\t\t\t\t<i aria-hidden=\"true\" class=\"fas fa-tags\"><\/i>\t\t\t\t\t\t\t<\/span>\n\t\t\t\t\t\t\t\t\t<span class=\"elementor-icon-list-text elementor-post-info__item elementor-post-info__item--type-terms\">\n\t\t\t\t\t\t\t\t\t\t<span class=\"elementor-post-info__terms-list\">\n\t\t\t\t<a href=\"https:\/\/www.ballinipitt.lu\/de\/tag\/breeam-de\/\" class=\"elementor-post-info__terms-list-item\">BREEAM<\/a>, <a href=\"https:\/\/www.ballinipitt.lu\/de\/tag\/entwurf\/\" class=\"elementor-post-info__terms-list-item\">Entwurf<\/a>, <a href=\"https:\/\/www.ballinipitt.lu\/de\/tag\/well-de\/\" class=\"elementor-post-info__terms-list-item\">Well<\/a>, <a href=\"https:\/\/www.ballinipitt.lu\/de\/tag\/wettbewerb\/\" class=\"elementor-post-info__terms-list-item\">Wettbewerb<\/a>\t\t\t\t<\/span>\n\t\t\t\t\t<\/span>\n\t\t\t\t\t\t\t\t<\/li>\n\t\t\t\t<\/ul>\n\t\t\t\t\t\t<\/div>\n\t\t\t\t<\/div>\n\t\t\t\t<div class=\"elementor-element elementor-element-13caf49f elementor-share-buttons--view-icon elementor-share-buttons--skin-flat elementor-share-buttons--shape-circle elementor-share-buttons--color-custom elementor-grid-0 elementor-widget elementor-widget-share-buttons\" data-id=\"13caf49f\" data-element_type=\"widget\" data-e-type=\"widget\" data-widget_type=\"share-buttons.default\">\n\t\t\t\t<div class=\"elementor-widget-container\">\n\t\t\t\t\t\t\t<div class=\"elementor-grid\" role=\"list\">\n\t\t\t\t\t\t\t\t<div class=\"elementor-grid-item\" role=\"listitem\">\n\t\t\t\t\t\t<div class=\"elementor-share-btn elementor-share-btn_facebook\" role=\"button\" tabindex=\"0\" aria-label=\"Teilen auf facebook\">\n\t\t\t\t\t\t\t\t\t\t\t\t\t\t\t<span class=\"elementor-share-btn__icon\">\n\t\t\t\t\t\t\t\t<i class=\"fab fa-facebook\" aria-hidden=\"true\"><\/i>\t\t\t\t\t\t\t<\/span>\n\t\t\t\t\t\t\t\t\t\t\t\t\t\t\t\t\t\t\t\t<\/div>\n\t\t\t\t\t<\/div>\n\t\t\t\t\t\t\t\t\t<div class=\"elementor-grid-item\" role=\"listitem\">\n\t\t\t\t\t\t<div class=\"elementor-share-btn elementor-share-btn_twitter\" role=\"button\" tabindex=\"0\" aria-label=\"Teilen auf twitter\">\n\t\t\t\t\t\t\t\t\t\t\t\t\t\t\t<span class=\"elementor-share-btn__icon\">\n\t\t\t\t\t\t\t\t<i class=\"fab fa-twitter\" aria-hidden=\"true\"><\/i>\t\t\t\t\t\t\t<\/span>\n\t\t\t\t\t\t\t\t\t\t\t\t\t\t\t\t\t\t\t\t<\/div>\n\t\t\t\t\t<\/div>\n\t\t\t\t\t\t\t\t\t<div class=\"elementor-grid-item\" role=\"listitem\">\n\t\t\t\t\t\t<div class=\"elementor-share-btn elementor-share-btn_linkedin\" role=\"button\" tabindex=\"0\" aria-label=\"Teilen auf linkedin\">\n\t\t\t\t\t\t\t\t\t\t\t\t\t\t\t<span class=\"elementor-share-btn__icon\">\n\t\t\t\t\t\t\t\t<i class=\"fab fa-linkedin\" aria-hidden=\"true\"><\/i>\t\t\t\t\t\t\t<\/span>\n\t\t\t\t\t\t\t\t\t\t\t\t\t\t\t\t\t\t\t\t<\/div>\n\t\t\t\t\t<\/div>\n\t\t\t\t\t\t\t\t\t<div class=\"elementor-grid-item\" role=\"listitem\">\n\t\t\t\t\t\t<div class=\"elementor-share-btn elementor-share-btn_pinterest\" role=\"button\" tabindex=\"0\" aria-label=\"Teilen auf pinterest\">\n\t\t\t\t\t\t\t\t\t\t\t\t\t\t\t<span class=\"elementor-share-btn__icon\">\n\t\t\t\t\t\t\t\t<i class=\"fab fa-pinterest\" aria-hidden=\"true\"><\/i>\t\t\t\t\t\t\t<\/span>\n\t\t\t\t\t\t\t\t\t\t\t\t\t\t\t\t\t\t\t\t<\/div>\n\t\t\t\t\t<\/div>\n\t\t\t\t\t\t\t\t\t<div class=\"elementor-grid-item\" role=\"listitem\">\n\t\t\t\t\t\t<div class=\"elementor-share-btn elementor-share-btn_email\" role=\"button\" tabindex=\"0\" aria-label=\"Teilen auf email\">\n\t\t\t\t\t\t\t\t\t\t\t\t\t\t\t<span class=\"elementor-share-btn__icon\">\n\t\t\t\t\t\t\t\t<i class=\"fas fa-envelope\" aria-hidden=\"true\"><\/i>\t\t\t\t\t\t\t<\/span>\n\t\t\t\t\t\t\t\t\t\t\t\t\t\t\t\t\t\t\t\t<\/div>\n\t\t\t\t\t<\/div>\n\t\t\t\t\t\t\t\t\t<div class=\"elementor-grid-item\" role=\"listitem\">\n\t\t\t\t\t\t<div class=\"elementor-share-btn elementor-share-btn_print\" role=\"button\" tabindex=\"0\" aria-label=\"Teilen auf print\">\n\t\t\t\t\t\t\t\t\t\t\t\t\t\t\t<span class=\"elementor-share-btn__icon\">\n\t\t\t\t\t\t\t\t<i class=\"fas fa-print\" aria-hidden=\"true\"><\/i>\t\t\t\t\t\t\t<\/span>\n\t\t\t\t\t\t\t\t\t\t\t\t\t\t\t\t\t\t\t\t<\/div>\n\t\t\t\t\t<\/div>\n\t\t\t\t\t\t<\/div>\n\t\t\t\t\t\t<\/div>\n\t\t\t\t<\/div>\n\t\t\t\t<div class=\"elementor-element elementor-element-15f717ef elementor-widget elementor-widget-spacer\" data-id=\"15f717ef\" data-element_type=\"widget\" data-e-type=\"widget\" data-widget_type=\"spacer.default\">\n\t\t\t\t<div class=\"elementor-widget-container\">\n\t\t\t\t\t\t\t<div class=\"elementor-spacer\">\n\t\t\t<div class=\"elementor-spacer-inner\"><\/div>\n\t\t<\/div>\n\t\t\t\t\t\t<\/div>\n\t\t\t\t<\/div>\n\t\t\t\t<div class=\"elementor-element elementor-element-21a55e82 elementor-widget elementor-widget-post-info\" data-id=\"21a55e82\" data-element_type=\"widget\" data-e-type=\"widget\" data-widget_type=\"post-info.default\">\n\t\t\t\t<div class=\"elementor-widget-container\">\n\t\t\t\t\t\t\t<ul class=\"elementor-inline-items elementor-icon-list-items elementor-post-info\">\n\t\t\t\t\t\t\t\t<li class=\"elementor-icon-list-item elementor-repeater-item-3fa2c00 elementor-inline-item\" itemprop=\"about\">\n\t\t\t\t\t\t\t\t\t\t\t\t\t<span class=\"elementor-icon-list-text elementor-post-info__item elementor-post-info__item--type-terms\">\n\t\t\t\t\t\t\t<span class=\"elementor-post-info__item-prefix\">Weitere Projekte <\/span>\n\t\t\t\t\t\t\t\t\t\t<span class=\"elementor-post-info__terms-list\">\n\t\t\t\t<span class=\"elementor-post-info__terms-list-item\">B\u00fcro<\/span>\t\t\t\t<\/span>\n\t\t\t\t\t<\/span>\n\t\t\t\t\t\t\t\t<\/li>\n\t\t\t\t<\/ul>\n\t\t\t\t\t\t<\/div>\n\t\t\t\t<\/div>\n\t\t\t\t\t<\/div>\n\t\t<\/div>\n\t\t\t\t\t<\/div>\n\t\t<\/section>\n\t\t\t\t<\/div>\n\t\t","protected":false},"excerpt":{"rendered":"<p>Ein neues CFL-Verwaltungsgeb\u00e4ude wird auf einem Grundst\u00fcck im Herzen des Luxemburger Stadtteils Dernier Sol errichtet.<\/p>\n","protected":false},"author":1,"featured_media":5556,"comment_status":"closed","ping_status":"open","sticky":false,"template":"","format":"standard","meta":{"fifu_image_url":"https:\/\/www.ballinipitt.lu\/wp-content\/uploads\/2024\/01\/CFL-Dernier-Sol-batiment-administratif-vue-aerienne-Luxembourg-\u00a9SM-BALLINIPITT-AREP-TPF-768x495.jpg","fifu_image_alt":"","footnotes":""},"categories":[31],"tags":[47,104,118,97],"class_list":["post-6738","post","type-post","status-publish","format-standard","has-post-thumbnail","hentry","category-buro-de","tag-breeam-de","tag-entwurf","tag-well-de","tag-wettbewerb"],"yoast_head":"<!-- This site is optimized with the Yoast SEO Premium plugin v27.5 (Yoast SEO v27.5) - https:\/\/yoast.com\/product\/yoast-seo-premium-wordpress\/ -->\n<title>CFL Dernier Sol - BALLINIPITT architectes urbanistes<\/title>\n<meta name=\"description\" content=\"Ein neues CFL-Verwaltungsgeb\u00e4ude wird auf einem Grundst\u00fcck im Herzen des Luxemburger Stadtteils Dernier Sol errichtet.\" \/>\n<meta name=\"robots\" content=\"index, follow, max-snippet:-1, max-image-preview:large, max-video-preview:-1\" \/>\n<link rel=\"canonical\" href=\"https:\/\/www.ballinipitt.lu\/de\/cfl-dernier-sol-3\/\" \/>\n<meta property=\"og:locale\" content=\"de_DE\" \/>\n<meta property=\"og:type\" content=\"article\" \/>\n<meta property=\"og:title\" content=\"CFL Dernier Sol\" \/>\n<meta property=\"og:description\" content=\"Ein neues CFL-Verwaltungsgeb\u00e4ude wird auf einem Grundst\u00fcck im Herzen des Luxemburger Stadtteils Dernier Sol errichtet.\" \/>\n<meta property=\"og:url\" content=\"https:\/\/www.ballinipitt.lu\/de\/cfl-dernier-sol-3\/\" \/>\n<meta property=\"og:site_name\" content=\"BALLINIPITT architectes urbanistes\" \/>\n<meta property=\"article:publisher\" content=\"https:\/\/www.facebook.com\/Ballinipitt\" \/>\n<meta property=\"article:author\" content=\"https:\/\/www.facebook.com\/ballinipitt\" \/>\n<meta property=\"article:published_time\" content=\"2024-02-05T08:02:45+00:00\" \/>\n<meta property=\"article:modified_time\" content=\"2026-04-04T06:11:41+00:00\" \/>\n<meta property=\"og:image\" content=\"https:\/\/www.ballinipitt.lu\/wp-content\/uploads\/2024\/01\/CFL-Dernier-Sol-Nord-batiment-administratif-industriel-polycarbonate-facade-bois-Luxembourg-\u00a9SM-BALLINIPITT-AREP-TPF-1024x605.jpg\" \/>\n<meta name=\"author\" content=\"BALLINIPITT\" \/>\n<meta name=\"twitter:card\" content=\"summary_large_image\" \/>\n<meta name=\"twitter:description\" content=\"B\u00fcro\" \/>\n<meta name=\"twitter:creator\" content=\"@BALLINIPITT\" \/>\n<meta name=\"twitter:site\" content=\"@BALLINIPITT\" \/>\n<meta name=\"twitter:label1\" content=\"Verfasst von\" \/>\n\t<meta name=\"twitter:data1\" content=\"BALLINIPITT\" \/>\n\t<meta name=\"twitter:label2\" content=\"Gesch\u00e4tzte Lesezeit\" \/>\n\t<meta name=\"twitter:data2\" content=\"4 Minuten\" \/>\n<script type=\"application\/ld+json\" class=\"yoast-schema-graph\">{\"@context\":\"https:\\\/\\\/schema.org\",\"@graph\":[{\"@type\":\"Article\",\"@id\":\"https:\\\/\\\/www.ballinipitt.lu\\\/de\\\/cfl-dernier-sol-3\\\/#article\",\"isPartOf\":{\"@id\":\"https:\\\/\\\/www.ballinipitt.lu\\\/de\\\/cfl-dernier-sol-3\\\/\"},\"author\":{\"name\":\"BALLINIPITT\",\"@id\":\"https:\\\/\\\/www.ballinipitt.lu\\\/de\\\/#\\\/schema\\\/person\\\/f41b17c894d26d59561e8559cfe20059\"},\"headline\":\"CFL Dernier Sol\",\"datePublished\":\"2024-02-05T08:02:45+00:00\",\"dateModified\":\"2026-04-04T06:11:41+00:00\",\"mainEntityOfPage\":{\"@id\":\"https:\\\/\\\/www.ballinipitt.lu\\\/de\\\/cfl-dernier-sol-3\\\/\"},\"wordCount\":787,\"publisher\":{\"@id\":\"https:\\\/\\\/www.ballinipitt.lu\\\/de\\\/#organization\"},\"image\":{\"@id\":\"https:\\\/\\\/www.ballinipitt.lu\\\/de\\\/cfl-dernier-sol-3\\\/#primaryimage\"},\"thumbnailUrl\":\"https:\\\/\\\/www.ballinipitt.lu\\\/wp-content\\\/uploads\\\/2024\\\/01\\\/CFL-Dernier-Sol-Nord-batiment-administratif-industriel-polycarbonate-facade-bois-Luxembourg-\u00a9SM-BALLINIPITT-AREP-TPF.jpg\",\"keywords\":[\"BREEAM\",\"Entwurf\",\"Well\",\"Wettbewerb\"],\"articleSection\":[\"B\u00fcro\"],\"inLanguage\":\"de-DE\"},{\"@type\":\"WebPage\",\"@id\":\"https:\\\/\\\/www.ballinipitt.lu\\\/de\\\/cfl-dernier-sol-3\\\/\",\"url\":\"https:\\\/\\\/www.ballinipitt.lu\\\/de\\\/cfl-dernier-sol-3\\\/\",\"name\":\"CFL Dernier Sol - BALLINIPITT architectes urbanistes\",\"isPartOf\":{\"@id\":\"https:\\\/\\\/www.ballinipitt.lu\\\/de\\\/#website\"},\"primaryImageOfPage\":{\"@id\":\"https:\\\/\\\/www.ballinipitt.lu\\\/de\\\/cfl-dernier-sol-3\\\/#primaryimage\"},\"image\":{\"@id\":\"https:\\\/\\\/www.ballinipitt.lu\\\/de\\\/cfl-dernier-sol-3\\\/#primaryimage\"},\"thumbnailUrl\":\"https:\\\/\\\/www.ballinipitt.lu\\\/wp-content\\\/uploads\\\/2024\\\/01\\\/CFL-Dernier-Sol-Nord-batiment-administratif-industriel-polycarbonate-facade-bois-Luxembourg-\u00a9SM-BALLINIPITT-AREP-TPF.jpg\",\"datePublished\":\"2024-02-05T08:02:45+00:00\",\"dateModified\":\"2026-04-04T06:11:41+00:00\",\"description\":\"Ein neues CFL-Verwaltungsgeb\u00e4ude wird auf einem Grundst\u00fcck im Herzen des Luxemburger Stadtteils Dernier Sol errichtet.\",\"breadcrumb\":{\"@id\":\"https:\\\/\\\/www.ballinipitt.lu\\\/de\\\/cfl-dernier-sol-3\\\/#breadcrumb\"},\"inLanguage\":\"de-DE\",\"potentialAction\":[{\"@type\":\"ReadAction\",\"target\":[\"https:\\\/\\\/www.ballinipitt.lu\\\/de\\\/cfl-dernier-sol-3\\\/\"]}]},{\"@type\":\"ImageObject\",\"inLanguage\":\"de-DE\",\"@id\":\"https:\\\/\\\/www.ballinipitt.lu\\\/de\\\/cfl-dernier-sol-3\\\/#primaryimage\",\"url\":\"https:\\\/\\\/www.ballinipitt.lu\\\/wp-content\\\/uploads\\\/2024\\\/01\\\/CFL-Dernier-Sol-Nord-batiment-administratif-industriel-polycarbonate-facade-bois-Luxembourg-\u00a9SM-BALLINIPITT-AREP-TPF.jpg\",\"contentUrl\":\"https:\\\/\\\/www.ballinipitt.lu\\\/wp-content\\\/uploads\\\/2024\\\/01\\\/CFL-Dernier-Sol-Nord-batiment-administratif-industriel-polycarbonate-facade-bois-Luxembourg-\u00a9SM-BALLINIPITT-AREP-TPF.jpg\",\"width\":1200,\"height\":709},{\"@type\":\"BreadcrumbList\",\"@id\":\"https:\\\/\\\/www.ballinipitt.lu\\\/de\\\/cfl-dernier-sol-3\\\/#breadcrumb\",\"itemListElement\":[{\"@type\":\"ListItem\",\"position\":1,\"name\":\"BALLINIPITT\",\"item\":\"https:\\\/\\\/www.ballinipitt.lu\\\/de\\\/start\\\/\"},{\"@type\":\"ListItem\",\"position\":2,\"name\":\"Projekte\",\"item\":\"https:\\\/\\\/www.ballinipitt.lu\\\/de\\\/category\\\/projekte-de\\\/\"},{\"@type\":\"ListItem\",\"position\":3,\"name\":\"Architektur\",\"item\":\"https:\\\/\\\/www.ballinipitt.lu\\\/de\\\/category\\\/projekte-de\\\/architektur-de\\\/\"},{\"@type\":\"ListItem\",\"position\":4,\"name\":\"B\u00fcro\",\"item\":\"https:\\\/\\\/www.ballinipitt.lu\\\/de\\\/category\\\/projekte-de\\\/architektur-de\\\/buro-de\\\/\"},{\"@type\":\"ListItem\",\"position\":5,\"name\":\"CFL Dernier Sol\"}]},{\"@type\":\"WebSite\",\"@id\":\"https:\\\/\\\/www.ballinipitt.lu\\\/de\\\/#website\",\"url\":\"https:\\\/\\\/www.ballinipitt.lu\\\/de\\\/\",\"name\":\"BALLINIPITT architectes urbanistes\",\"description\":\"Bureau d&#039;architecture et d&#039;urbanisme bas\u00e9 au Luxembourg\",\"publisher\":{\"@id\":\"https:\\\/\\\/www.ballinipitt.lu\\\/de\\\/#organization\"},\"potentialAction\":[{\"@type\":\"SearchAction\",\"target\":{\"@type\":\"EntryPoint\",\"urlTemplate\":\"https:\\\/\\\/www.ballinipitt.lu\\\/de\\\/?s={search_term_string}\"},\"query-input\":{\"@type\":\"PropertyValueSpecification\",\"valueRequired\":true,\"valueName\":\"search_term_string\"}}],\"inLanguage\":\"de-DE\"},{\"@type\":\"Organization\",\"@id\":\"https:\\\/\\\/www.ballinipitt.lu\\\/de\\\/#organization\",\"name\":\"BALLINIPITT architectes urbanistes\",\"alternateName\":\"BALLINIPITT\",\"url\":\"https:\\\/\\\/www.ballinipitt.lu\\\/de\\\/\",\"logo\":{\"@type\":\"ImageObject\",\"inLanguage\":\"de-DE\",\"@id\":\"https:\\\/\\\/www.ballinipitt.lu\\\/de\\\/#\\\/schema\\\/logo\\\/image\\\/\",\"url\":\"https:\\\/\\\/www.ballinipitt.lu\\\/wp-content\\\/uploads\\\/2022\\\/05\\\/cropped-BALLINIPITT-architectes-urbanistes-basic-bk-transparent-100x470-1.gif\",\"contentUrl\":\"https:\\\/\\\/www.ballinipitt.lu\\\/wp-content\\\/uploads\\\/2022\\\/05\\\/cropped-BALLINIPITT-architectes-urbanistes-basic-bk-transparent-100x470-1.gif\",\"width\":350,\"height\":100,\"caption\":\"BALLINIPITT architectes urbanistes\"},\"image\":{\"@id\":\"https:\\\/\\\/www.ballinipitt.lu\\\/de\\\/#\\\/schema\\\/logo\\\/image\\\/\"},\"sameAs\":[\"https:\\\/\\\/www.facebook.com\\\/Ballinipitt\",\"https:\\\/\\\/x.com\\\/BALLINIPITT\",\"https:\\\/\\\/www.instagram.com\\\/ballinipitt\",\"https:\\\/\\\/www.linkedin.com\\\/company\\\/ballinipitt-architectes-urbaniste\\\/\"]},{\"@type\":\"Person\",\"@id\":\"https:\\\/\\\/www.ballinipitt.lu\\\/de\\\/#\\\/schema\\\/person\\\/f41b17c894d26d59561e8559cfe20059\",\"name\":\"BALLINIPITT\",\"sameAs\":[\"https:\\\/\\\/www.ballinipitt.lu\",\"https:\\\/\\\/www.facebook.com\\\/ballinipitt\",\"https:\\\/\\\/www.instagram.com\\\/ballinipitt\",\"https:\\\/\\\/www.linkedin.com\\\/company\\\/ballinipitt-architectes-urbanistes\\\/\",\"https:\\\/\\\/x.com\\\/BALLINIPITT\"]}]}<\/script>\n<!-- \/ Yoast SEO Premium plugin. -->","yoast_head_json":{"title":"CFL Dernier Sol - BALLINIPITT architectes urbanistes","description":"Ein neues CFL-Verwaltungsgeb\u00e4ude wird auf einem Grundst\u00fcck im Herzen des Luxemburger Stadtteils Dernier Sol errichtet.","robots":{"index":"index","follow":"follow","max-snippet":"max-snippet:-1","max-image-preview":"max-image-preview:large","max-video-preview":"max-video-preview:-1"},"canonical":"https:\/\/www.ballinipitt.lu\/de\/cfl-dernier-sol-3\/","og_locale":"de_DE","og_type":"article","og_title":"CFL Dernier Sol","og_description":"Ein neues CFL-Verwaltungsgeb\u00e4ude wird auf einem Grundst\u00fcck im Herzen des Luxemburger Stadtteils Dernier Sol errichtet.","og_url":"https:\/\/www.ballinipitt.lu\/de\/cfl-dernier-sol-3\/","og_site_name":"BALLINIPITT architectes urbanistes","article_publisher":"https:\/\/www.facebook.com\/Ballinipitt","article_author":"https:\/\/www.facebook.com\/ballinipitt","article_published_time":"2024-02-05T08:02:45+00:00","article_modified_time":"2026-04-04T06:11:41+00:00","og_image":[{"url":"https:\/\/www.ballinipitt.lu\/wp-content\/uploads\/2024\/01\/CFL-Dernier-Sol-Nord-batiment-administratif-industriel-polycarbonate-facade-bois-Luxembourg-\u00a9SM-BALLINIPITT-AREP-TPF-1024x605.jpg","type":"","width":"","height":""}],"author":"BALLINIPITT","twitter_card":"summary_large_image","twitter_description":"B\u00fcro","twitter_creator":"@BALLINIPITT","twitter_site":"@BALLINIPITT","twitter_misc":{"Verfasst von":"BALLINIPITT","Gesch\u00e4tzte Lesezeit":"4 Minuten"},"schema":{"@context":"https:\/\/schema.org","@graph":[{"@type":"Article","@id":"https:\/\/www.ballinipitt.lu\/de\/cfl-dernier-sol-3\/#article","isPartOf":{"@id":"https:\/\/www.ballinipitt.lu\/de\/cfl-dernier-sol-3\/"},"author":{"name":"BALLINIPITT","@id":"https:\/\/www.ballinipitt.lu\/de\/#\/schema\/person\/f41b17c894d26d59561e8559cfe20059"},"headline":"CFL Dernier Sol","datePublished":"2024-02-05T08:02:45+00:00","dateModified":"2026-04-04T06:11:41+00:00","mainEntityOfPage":{"@id":"https:\/\/www.ballinipitt.lu\/de\/cfl-dernier-sol-3\/"},"wordCount":787,"publisher":{"@id":"https:\/\/www.ballinipitt.lu\/de\/#organization"},"image":{"@id":"https:\/\/www.ballinipitt.lu\/de\/cfl-dernier-sol-3\/#primaryimage"},"thumbnailUrl":"https:\/\/www.ballinipitt.lu\/wp-content\/uploads\/2024\/01\/CFL-Dernier-Sol-Nord-batiment-administratif-industriel-polycarbonate-facade-bois-Luxembourg-\u00a9SM-BALLINIPITT-AREP-TPF.jpg","keywords":["BREEAM","Entwurf","Well","Wettbewerb"],"articleSection":["B\u00fcro"],"inLanguage":"de-DE"},{"@type":"WebPage","@id":"https:\/\/www.ballinipitt.lu\/de\/cfl-dernier-sol-3\/","url":"https:\/\/www.ballinipitt.lu\/de\/cfl-dernier-sol-3\/","name":"CFL Dernier Sol - BALLINIPITT architectes urbanistes","isPartOf":{"@id":"https:\/\/www.ballinipitt.lu\/de\/#website"},"primaryImageOfPage":{"@id":"https:\/\/www.ballinipitt.lu\/de\/cfl-dernier-sol-3\/#primaryimage"},"image":{"@id":"https:\/\/www.ballinipitt.lu\/de\/cfl-dernier-sol-3\/#primaryimage"},"thumbnailUrl":"https:\/\/www.ballinipitt.lu\/wp-content\/uploads\/2024\/01\/CFL-Dernier-Sol-Nord-batiment-administratif-industriel-polycarbonate-facade-bois-Luxembourg-\u00a9SM-BALLINIPITT-AREP-TPF.jpg","datePublished":"2024-02-05T08:02:45+00:00","dateModified":"2026-04-04T06:11:41+00:00","description":"Ein neues CFL-Verwaltungsgeb\u00e4ude wird auf einem Grundst\u00fcck im Herzen des Luxemburger Stadtteils Dernier Sol errichtet.","breadcrumb":{"@id":"https:\/\/www.ballinipitt.lu\/de\/cfl-dernier-sol-3\/#breadcrumb"},"inLanguage":"de-DE","potentialAction":[{"@type":"ReadAction","target":["https:\/\/www.ballinipitt.lu\/de\/cfl-dernier-sol-3\/"]}]},{"@type":"ImageObject","inLanguage":"de-DE","@id":"https:\/\/www.ballinipitt.lu\/de\/cfl-dernier-sol-3\/#primaryimage","url":"https:\/\/www.ballinipitt.lu\/wp-content\/uploads\/2024\/01\/CFL-Dernier-Sol-Nord-batiment-administratif-industriel-polycarbonate-facade-bois-Luxembourg-\u00a9SM-BALLINIPITT-AREP-TPF.jpg","contentUrl":"https:\/\/www.ballinipitt.lu\/wp-content\/uploads\/2024\/01\/CFL-Dernier-Sol-Nord-batiment-administratif-industriel-polycarbonate-facade-bois-Luxembourg-\u00a9SM-BALLINIPITT-AREP-TPF.jpg","width":1200,"height":709},{"@type":"BreadcrumbList","@id":"https:\/\/www.ballinipitt.lu\/de\/cfl-dernier-sol-3\/#breadcrumb","itemListElement":[{"@type":"ListItem","position":1,"name":"BALLINIPITT","item":"https:\/\/www.ballinipitt.lu\/de\/start\/"},{"@type":"ListItem","position":2,"name":"Projekte","item":"https:\/\/www.ballinipitt.lu\/de\/category\/projekte-de\/"},{"@type":"ListItem","position":3,"name":"Architektur","item":"https:\/\/www.ballinipitt.lu\/de\/category\/projekte-de\/architektur-de\/"},{"@type":"ListItem","position":4,"name":"B\u00fcro","item":"https:\/\/www.ballinipitt.lu\/de\/category\/projekte-de\/architektur-de\/buro-de\/"},{"@type":"ListItem","position":5,"name":"CFL Dernier Sol"}]},{"@type":"WebSite","@id":"https:\/\/www.ballinipitt.lu\/de\/#website","url":"https:\/\/www.ballinipitt.lu\/de\/","name":"BALLINIPITT architectes urbanistes","description":"Bureau d&#039;architecture et d&#039;urbanisme bas\u00e9 au Luxembourg","publisher":{"@id":"https:\/\/www.ballinipitt.lu\/de\/#organization"},"potentialAction":[{"@type":"SearchAction","target":{"@type":"EntryPoint","urlTemplate":"https:\/\/www.ballinipitt.lu\/de\/?s={search_term_string}"},"query-input":{"@type":"PropertyValueSpecification","valueRequired":true,"valueName":"search_term_string"}}],"inLanguage":"de-DE"},{"@type":"Organization","@id":"https:\/\/www.ballinipitt.lu\/de\/#organization","name":"BALLINIPITT architectes urbanistes","alternateName":"BALLINIPITT","url":"https:\/\/www.ballinipitt.lu\/de\/","logo":{"@type":"ImageObject","inLanguage":"de-DE","@id":"https:\/\/www.ballinipitt.lu\/de\/#\/schema\/logo\/image\/","url":"https:\/\/www.ballinipitt.lu\/wp-content\/uploads\/2022\/05\/cropped-BALLINIPITT-architectes-urbanistes-basic-bk-transparent-100x470-1.gif","contentUrl":"https:\/\/www.ballinipitt.lu\/wp-content\/uploads\/2022\/05\/cropped-BALLINIPITT-architectes-urbanistes-basic-bk-transparent-100x470-1.gif","width":350,"height":100,"caption":"BALLINIPITT architectes urbanistes"},"image":{"@id":"https:\/\/www.ballinipitt.lu\/de\/#\/schema\/logo\/image\/"},"sameAs":["https:\/\/www.facebook.com\/Ballinipitt","https:\/\/x.com\/BALLINIPITT","https:\/\/www.instagram.com\/ballinipitt","https:\/\/www.linkedin.com\/company\/ballinipitt-architectes-urbaniste\/"]},{"@type":"Person","@id":"https:\/\/www.ballinipitt.lu\/de\/#\/schema\/person\/f41b17c894d26d59561e8559cfe20059","name":"BALLINIPITT","sameAs":["https:\/\/www.ballinipitt.lu","https:\/\/www.facebook.com\/ballinipitt","https:\/\/www.instagram.com\/ballinipitt","https:\/\/www.linkedin.com\/company\/ballinipitt-architectes-urbanistes\/","https:\/\/x.com\/BALLINIPITT"]}]}},"fifu_image_url":"https:\/\/www.ballinipitt.lu\/wp-content\/uploads\/2024\/01\/CFL-Dernier-Sol-batiment-administratif-vue-aerienne-Luxembourg-\u00a9SM-BALLINIPITT-AREP-TPF-768x495.jpg","_links":{"self":[{"href":"https:\/\/www.ballinipitt.lu\/de\/wp-json\/wp\/v2\/posts\/6738","targetHints":{"allow":["GET"]}}],"collection":[{"href":"https:\/\/www.ballinipitt.lu\/de\/wp-json\/wp\/v2\/posts"}],"about":[{"href":"https:\/\/www.ballinipitt.lu\/de\/wp-json\/wp\/v2\/types\/post"}],"author":[{"embeddable":true,"href":"https:\/\/www.ballinipitt.lu\/de\/wp-json\/wp\/v2\/users\/1"}],"replies":[{"embeddable":true,"href":"https:\/\/www.ballinipitt.lu\/de\/wp-json\/wp\/v2\/comments?post=6738"}],"version-history":[{"count":3,"href":"https:\/\/www.ballinipitt.lu\/de\/wp-json\/wp\/v2\/posts\/6738\/revisions"}],"predecessor-version":[{"id":6823,"href":"https:\/\/www.ballinipitt.lu\/de\/wp-json\/wp\/v2\/posts\/6738\/revisions\/6823"}],"wp:featuredmedia":[{"embeddable":true,"href":"https:\/\/www.ballinipitt.lu\/de\/wp-json\/wp\/v2\/media\/5556"}],"wp:attachment":[{"href":"https:\/\/www.ballinipitt.lu\/de\/wp-json\/wp\/v2\/media?parent=6738"}],"wp:term":[{"taxonomy":"category","embeddable":true,"href":"https:\/\/www.ballinipitt.lu\/de\/wp-json\/wp\/v2\/categories?post=6738"},{"taxonomy":"post_tag","embeddable":true,"href":"https:\/\/www.ballinipitt.lu\/de\/wp-json\/wp\/v2\/tags?post=6738"}],"curies":[{"name":"wp","href":"https:\/\/api.w.org\/{rel}","templated":true}]}}