{"id":6728,"date":"2024-03-26T10:34:28","date_gmt":"2024-03-26T09:34:28","guid":{"rendered":"https:\/\/www.ballinipitt.lu\/wasserturm-kirchberg-eingeweiht\/"},"modified":"2026-04-04T07:09:28","modified_gmt":"2026-04-04T06:09:28","slug":"wasserturm-kirchberg-eingeweiht","status":"publish","type":"post","link":"https:\/\/www.ballinipitt.lu\/de\/wasserturm-kirchberg-eingeweiht\/","title":{"rendered":"Wasserturm Kirchberg eingeweiht"},"content":{"rendered":"\n<p>Der neue 49 Meter hohe Wasserturm Kirchberg wurde am Donnerstag, den 21. M\u00e4rz, eingeweiht und in Betrieb genommen. Er befindet sich in einem gesch\u00fctzten Natura-2000-Gebiet von gemeinschaftlichem Interesse und f\u00fcgt sich harmonisch in seine Umgebung ein. <\/p>\n\n<p>Der Wasserturm umfasst zwei Beh\u00e4lter mit einem Fassungsverm\u00f6gen von 600 bzw. 400 <sup>m3<\/sup> und wird mit Wasser aus den Quellen Glasbouren und Sebes versorgt. Er folgt der st\u00e4dtebaulichen Entwicklung des Kirchberg-Gebiets, insbesondere der Entstehung des zuk\u00fcnftigen Stadtteils Kuebebierg, in dem 7.000 neue Bewohner leben werden. <\/p>\n\n<p>Das Stahlbetongeb\u00e4ude weist zwei Fassadentypen auf: eine aus unbehandelten Holzlatten auf einem Stahlrahmen und eine weitere aus architektonisch abgestimmtem Beton. Der Wasserturm, der Nistpl\u00e4tze f\u00fcr verschiedene Vogelarten (Mauersegler, Wanderfalken) sowie Flederm\u00e4use bietet, erf\u00fcllt eine Doppelfunktion. Dank der nat\u00fcrlichen Alterung der Holzverschalung wird sich dieser \u201eBaum unter B\u00e4umen\u201c im Laufe der Zeit in den umgebenden Wald einf\u00fcgen.  <\/p>\n\n<p>Siehe auch: <a href=\"https:\/\/www.ballinipitt.lu\/de\/baustelle-des-wasserturms-auf-dem-kirchberg\/\">Baustelle Wasserturm Kirchberg<\/a><\/p>\n","protected":false},"excerpt":{"rendered":"<p>Der neue 49 Meter hohe Wasserturm Kirchberg wurde am Donnerstag, den 21. M\u00e4rz, eingeweiht und in Betrieb genommen. <\/p>\n","protected":false},"author":1,"featured_media":5628,"comment_status":"closed","ping_status":"open","sticky":false,"template":"","format":"standard","meta":{"fifu_image_url":"","fifu_image_alt":"","footnotes":""},"categories":[105,67],"tags":[95],"class_list":["post-6728","post","type-post","status-publish","format-standard","has-post-thumbnail","hentry","category-blog-de","category-nachrichten-de","tag-baustelle"],"yoast_head":"<!-- This site is optimized with the Yoast SEO Premium plugin v27.5 (Yoast SEO v27.5) - https:\/\/yoast.com\/product\/yoast-seo-premium-wordpress\/ -->\n<title>Wasserturm Kirchberg eingeweiht - BALLINIPITT architectes urbanistes<\/title>\n<meta name=\"description\" content=\"Der neue 49 Meter hohe Wasserturm Kirchberg wurde am Donnerstag, den 21. M\u00e4rz, eingeweiht und in Betrieb genommen.\" \/>\n<meta name=\"robots\" content=\"index, follow, max-snippet:-1, max-image-preview:large, max-video-preview:-1\" \/>\n<link rel=\"canonical\" href=\"https:\/\/www.ballinipitt.lu\/de\/wasserturm-kirchberg-eingeweiht\/\" \/>\n<meta property=\"og:locale\" content=\"de_DE\" \/>\n<meta property=\"og:type\" content=\"article\" \/>\n<meta property=\"og:title\" content=\"Wasserturm Kirchberg eingeweiht\" \/>\n<meta property=\"og:description\" content=\"Der neue 49 Meter hohe Wasserturm Kirchberg wurde am Donnerstag, den 21. M\u00e4rz, eingeweiht und in Betrieb genommen.\" \/>\n<meta property=\"og:url\" content=\"https:\/\/www.ballinipitt.lu\/de\/wasserturm-kirchberg-eingeweiht\/\" \/>\n<meta property=\"og:site_name\" content=\"BALLINIPITT architectes urbanistes\" \/>\n<meta property=\"article:publisher\" content=\"https:\/\/www.facebook.com\/Ballinipitt\" \/>\n<meta property=\"article:author\" content=\"https:\/\/www.facebook.com\/ballinipitt\" \/>\n<meta property=\"article:published_time\" content=\"2024-03-26T09:34:28+00:00\" \/>\n<meta property=\"article:modified_time\" content=\"2026-04-04T06:09:28+00:00\" \/>\n<meta property=\"og:image\" content=\"https:\/\/www.ballinipitt.lu\/wp-content\/uploads\/2024\/03\/Chateau-deau-Kirchberg-construction-beton-arme-facade-bois-nids-oiseaux-3-\u00a9BALLINIPITT.jpg\" \/>\n\t<meta property=\"og:image:width\" content=\"900\" \/>\n\t<meta property=\"og:image:height\" content=\"1200\" \/>\n\t<meta property=\"og:image:type\" content=\"image\/jpeg\" \/>\n<meta name=\"author\" content=\"BALLINIPITT\" \/>\n<meta name=\"twitter:card\" content=\"summary_large_image\" \/>\n<meta name=\"twitter:description\" content=\"Nachrichten\" \/>\n<meta name=\"twitter:creator\" content=\"@BALLINIPITT\" \/>\n<meta name=\"twitter:site\" content=\"@BALLINIPITT\" \/>\n<meta name=\"twitter:label1\" content=\"Verfasst von\" \/>\n\t<meta name=\"twitter:data1\" content=\"BALLINIPITT\" \/>\n\t<meta name=\"twitter:label2\" content=\"Gesch\u00e4tzte Lesezeit\" \/>\n\t<meta name=\"twitter:data2\" content=\"1 Minute\" \/>\n<script type=\"application\/ld+json\" class=\"yoast-schema-graph\">{\"@context\":\"https:\\\/\\\/schema.org\",\"@graph\":[{\"@type\":\"Article\",\"@id\":\"https:\\\/\\\/www.ballinipitt.lu\\\/de\\\/wasserturm-kirchberg-eingeweiht\\\/#article\",\"isPartOf\":{\"@id\":\"https:\\\/\\\/www.ballinipitt.lu\\\/de\\\/wasserturm-kirchberg-eingeweiht\\\/\"},\"author\":{\"name\":\"BALLINIPITT\",\"@id\":\"https:\\\/\\\/www.ballinipitt.lu\\\/de\\\/#\\\/schema\\\/person\\\/f41b17c894d26d59561e8559cfe20059\"},\"headline\":\"Wasserturm Kirchberg eingeweiht\",\"datePublished\":\"2024-03-26T09:34:28+00:00\",\"dateModified\":\"2026-04-04T06:09:28+00:00\",\"mainEntityOfPage\":{\"@id\":\"https:\\\/\\\/www.ballinipitt.lu\\\/de\\\/wasserturm-kirchberg-eingeweiht\\\/\"},\"wordCount\":156,\"publisher\":{\"@id\":\"https:\\\/\\\/www.ballinipitt.lu\\\/de\\\/#organization\"},\"image\":{\"@id\":\"https:\\\/\\\/www.ballinipitt.lu\\\/de\\\/wasserturm-kirchberg-eingeweiht\\\/#primaryimage\"},\"thumbnailUrl\":\"https:\\\/\\\/www.ballinipitt.lu\\\/wp-content\\\/uploads\\\/2024\\\/03\\\/Chateau-deau-Kirchberg-construction-beton-arme-facade-bois-nids-oiseaux-3-\u00a9BALLINIPITT.jpg\",\"keywords\":[\"Baustelle\"],\"articleSection\":[\"Blog\",\"Nachrichten\"],\"inLanguage\":\"de-DE\"},{\"@type\":\"WebPage\",\"@id\":\"https:\\\/\\\/www.ballinipitt.lu\\\/de\\\/wasserturm-kirchberg-eingeweiht\\\/\",\"url\":\"https:\\\/\\\/www.ballinipitt.lu\\\/de\\\/wasserturm-kirchberg-eingeweiht\\\/\",\"name\":\"Wasserturm Kirchberg eingeweiht - BALLINIPITT architectes urbanistes\",\"isPartOf\":{\"@id\":\"https:\\\/\\\/www.ballinipitt.lu\\\/de\\\/#website\"},\"primaryImageOfPage\":{\"@id\":\"https:\\\/\\\/www.ballinipitt.lu\\\/de\\\/wasserturm-kirchberg-eingeweiht\\\/#primaryimage\"},\"image\":{\"@id\":\"https:\\\/\\\/www.ballinipitt.lu\\\/de\\\/wasserturm-kirchberg-eingeweiht\\\/#primaryimage\"},\"thumbnailUrl\":\"https:\\\/\\\/www.ballinipitt.lu\\\/wp-content\\\/uploads\\\/2024\\\/03\\\/Chateau-deau-Kirchberg-construction-beton-arme-facade-bois-nids-oiseaux-3-\u00a9BALLINIPITT.jpg\",\"datePublished\":\"2024-03-26T09:34:28+00:00\",\"dateModified\":\"2026-04-04T06:09:28+00:00\",\"description\":\"Der neue 49 Meter hohe Wasserturm Kirchberg wurde am Donnerstag, den 21. M\u00e4rz, eingeweiht und in Betrieb genommen.\",\"breadcrumb\":{\"@id\":\"https:\\\/\\\/www.ballinipitt.lu\\\/de\\\/wasserturm-kirchberg-eingeweiht\\\/#breadcrumb\"},\"inLanguage\":\"de-DE\",\"potentialAction\":[{\"@type\":\"ReadAction\",\"target\":[\"https:\\\/\\\/www.ballinipitt.lu\\\/de\\\/wasserturm-kirchberg-eingeweiht\\\/\"]}]},{\"@type\":\"ImageObject\",\"inLanguage\":\"de-DE\",\"@id\":\"https:\\\/\\\/www.ballinipitt.lu\\\/de\\\/wasserturm-kirchberg-eingeweiht\\\/#primaryimage\",\"url\":\"https:\\\/\\\/www.ballinipitt.lu\\\/wp-content\\\/uploads\\\/2024\\\/03\\\/Chateau-deau-Kirchberg-construction-beton-arme-facade-bois-nids-oiseaux-3-\u00a9BALLINIPITT.jpg\",\"contentUrl\":\"https:\\\/\\\/www.ballinipitt.lu\\\/wp-content\\\/uploads\\\/2024\\\/03\\\/Chateau-deau-Kirchberg-construction-beton-arme-facade-bois-nids-oiseaux-3-\u00a9BALLINIPITT.jpg\",\"width\":900,\"height\":1200},{\"@type\":\"BreadcrumbList\",\"@id\":\"https:\\\/\\\/www.ballinipitt.lu\\\/de\\\/wasserturm-kirchberg-eingeweiht\\\/#breadcrumb\",\"itemListElement\":[{\"@type\":\"ListItem\",\"position\":1,\"name\":\"BALLINIPITT\",\"item\":\"https:\\\/\\\/www.ballinipitt.lu\\\/de\\\/start\\\/\"},{\"@type\":\"ListItem\",\"position\":2,\"name\":\"Blog\",\"item\":\"https:\\\/\\\/www.ballinipitt.lu\\\/de\\\/category\\\/blog-de\\\/\"},{\"@type\":\"ListItem\",\"position\":3,\"name\":\"Nachrichten\",\"item\":\"https:\\\/\\\/www.ballinipitt.lu\\\/de\\\/category\\\/blog-de\\\/nachrichten-de\\\/\"},{\"@type\":\"ListItem\",\"position\":4,\"name\":\"Wasserturm Kirchberg eingeweiht\"}]},{\"@type\":\"WebSite\",\"@id\":\"https:\\\/\\\/www.ballinipitt.lu\\\/de\\\/#website\",\"url\":\"https:\\\/\\\/www.ballinipitt.lu\\\/de\\\/\",\"name\":\"BALLINIPITT architectes urbanistes\",\"description\":\"Bureau d&#039;architecture et d&#039;urbanisme bas\u00e9 au Luxembourg\",\"publisher\":{\"@id\":\"https:\\\/\\\/www.ballinipitt.lu\\\/de\\\/#organization\"},\"potentialAction\":[{\"@type\":\"SearchAction\",\"target\":{\"@type\":\"EntryPoint\",\"urlTemplate\":\"https:\\\/\\\/www.ballinipitt.lu\\\/de\\\/?s={search_term_string}\"},\"query-input\":{\"@type\":\"PropertyValueSpecification\",\"valueRequired\":true,\"valueName\":\"search_term_string\"}}],\"inLanguage\":\"de-DE\"},{\"@type\":\"Organization\",\"@id\":\"https:\\\/\\\/www.ballinipitt.lu\\\/de\\\/#organization\",\"name\":\"BALLINIPITT architectes urbanistes\",\"alternateName\":\"BALLINIPITT\",\"url\":\"https:\\\/\\\/www.ballinipitt.lu\\\/de\\\/\",\"logo\":{\"@type\":\"ImageObject\",\"inLanguage\":\"de-DE\",\"@id\":\"https:\\\/\\\/www.ballinipitt.lu\\\/de\\\/#\\\/schema\\\/logo\\\/image\\\/\",\"url\":\"https:\\\/\\\/www.ballinipitt.lu\\\/wp-content\\\/uploads\\\/2022\\\/05\\\/cropped-BALLINIPITT-architectes-urbanistes-basic-bk-transparent-100x470-1.gif\",\"contentUrl\":\"https:\\\/\\\/www.ballinipitt.lu\\\/wp-content\\\/uploads\\\/2022\\\/05\\\/cropped-BALLINIPITT-architectes-urbanistes-basic-bk-transparent-100x470-1.gif\",\"width\":350,\"height\":100,\"caption\":\"BALLINIPITT architectes urbanistes\"},\"image\":{\"@id\":\"https:\\\/\\\/www.ballinipitt.lu\\\/de\\\/#\\\/schema\\\/logo\\\/image\\\/\"},\"sameAs\":[\"https:\\\/\\\/www.facebook.com\\\/Ballinipitt\",\"https:\\\/\\\/x.com\\\/BALLINIPITT\",\"https:\\\/\\\/www.instagram.com\\\/ballinipitt\",\"https:\\\/\\\/www.linkedin.com\\\/company\\\/ballinipitt-architectes-urbaniste\\\/\"]},{\"@type\":\"Person\",\"@id\":\"https:\\\/\\\/www.ballinipitt.lu\\\/de\\\/#\\\/schema\\\/person\\\/f41b17c894d26d59561e8559cfe20059\",\"name\":\"BALLINIPITT\",\"sameAs\":[\"https:\\\/\\\/www.ballinipitt.lu\",\"https:\\\/\\\/www.facebook.com\\\/ballinipitt\",\"https:\\\/\\\/www.instagram.com\\\/ballinipitt\",\"https:\\\/\\\/www.linkedin.com\\\/company\\\/ballinipitt-architectes-urbanistes\\\/\",\"https:\\\/\\\/x.com\\\/BALLINIPITT\"]}]}<\/script>\n<!-- \/ Yoast SEO Premium plugin. -->","yoast_head_json":{"title":"Wasserturm Kirchberg eingeweiht - BALLINIPITT architectes urbanistes","description":"Der neue 49 Meter hohe Wasserturm Kirchberg wurde am Donnerstag, den 21. M\u00e4rz, eingeweiht und in Betrieb genommen.","robots":{"index":"index","follow":"follow","max-snippet":"max-snippet:-1","max-image-preview":"max-image-preview:large","max-video-preview":"max-video-preview:-1"},"canonical":"https:\/\/www.ballinipitt.lu\/de\/wasserturm-kirchberg-eingeweiht\/","og_locale":"de_DE","og_type":"article","og_title":"Wasserturm Kirchberg eingeweiht","og_description":"Der neue 49 Meter hohe Wasserturm Kirchberg wurde am Donnerstag, den 21. M\u00e4rz, eingeweiht und in Betrieb genommen.","og_url":"https:\/\/www.ballinipitt.lu\/de\/wasserturm-kirchberg-eingeweiht\/","og_site_name":"BALLINIPITT architectes urbanistes","article_publisher":"https:\/\/www.facebook.com\/Ballinipitt","article_author":"https:\/\/www.facebook.com\/ballinipitt","article_published_time":"2024-03-26T09:34:28+00:00","article_modified_time":"2026-04-04T06:09:28+00:00","og_image":[{"width":900,"height":1200,"url":"https:\/\/www.ballinipitt.lu\/wp-content\/uploads\/2024\/03\/Chateau-deau-Kirchberg-construction-beton-arme-facade-bois-nids-oiseaux-3-\u00a9BALLINIPITT.jpg","type":"image\/jpeg"}],"author":"BALLINIPITT","twitter_card":"summary_large_image","twitter_description":"Nachrichten","twitter_creator":"@BALLINIPITT","twitter_site":"@BALLINIPITT","twitter_misc":{"Verfasst von":"BALLINIPITT","Gesch\u00e4tzte Lesezeit":"1 Minute"},"schema":{"@context":"https:\/\/schema.org","@graph":[{"@type":"Article","@id":"https:\/\/www.ballinipitt.lu\/de\/wasserturm-kirchberg-eingeweiht\/#article","isPartOf":{"@id":"https:\/\/www.ballinipitt.lu\/de\/wasserturm-kirchberg-eingeweiht\/"},"author":{"name":"BALLINIPITT","@id":"https:\/\/www.ballinipitt.lu\/de\/#\/schema\/person\/f41b17c894d26d59561e8559cfe20059"},"headline":"Wasserturm Kirchberg eingeweiht","datePublished":"2024-03-26T09:34:28+00:00","dateModified":"2026-04-04T06:09:28+00:00","mainEntityOfPage":{"@id":"https:\/\/www.ballinipitt.lu\/de\/wasserturm-kirchberg-eingeweiht\/"},"wordCount":156,"publisher":{"@id":"https:\/\/www.ballinipitt.lu\/de\/#organization"},"image":{"@id":"https:\/\/www.ballinipitt.lu\/de\/wasserturm-kirchberg-eingeweiht\/#primaryimage"},"thumbnailUrl":"https:\/\/www.ballinipitt.lu\/wp-content\/uploads\/2024\/03\/Chateau-deau-Kirchberg-construction-beton-arme-facade-bois-nids-oiseaux-3-\u00a9BALLINIPITT.jpg","keywords":["Baustelle"],"articleSection":["Blog","Nachrichten"],"inLanguage":"de-DE"},{"@type":"WebPage","@id":"https:\/\/www.ballinipitt.lu\/de\/wasserturm-kirchberg-eingeweiht\/","url":"https:\/\/www.ballinipitt.lu\/de\/wasserturm-kirchberg-eingeweiht\/","name":"Wasserturm Kirchberg eingeweiht - BALLINIPITT architectes urbanistes","isPartOf":{"@id":"https:\/\/www.ballinipitt.lu\/de\/#website"},"primaryImageOfPage":{"@id":"https:\/\/www.ballinipitt.lu\/de\/wasserturm-kirchberg-eingeweiht\/#primaryimage"},"image":{"@id":"https:\/\/www.ballinipitt.lu\/de\/wasserturm-kirchberg-eingeweiht\/#primaryimage"},"thumbnailUrl":"https:\/\/www.ballinipitt.lu\/wp-content\/uploads\/2024\/03\/Chateau-deau-Kirchberg-construction-beton-arme-facade-bois-nids-oiseaux-3-\u00a9BALLINIPITT.jpg","datePublished":"2024-03-26T09:34:28+00:00","dateModified":"2026-04-04T06:09:28+00:00","description":"Der neue 49 Meter hohe Wasserturm Kirchberg wurde am Donnerstag, den 21. M\u00e4rz, eingeweiht und in Betrieb genommen.","breadcrumb":{"@id":"https:\/\/www.ballinipitt.lu\/de\/wasserturm-kirchberg-eingeweiht\/#breadcrumb"},"inLanguage":"de-DE","potentialAction":[{"@type":"ReadAction","target":["https:\/\/www.ballinipitt.lu\/de\/wasserturm-kirchberg-eingeweiht\/"]}]},{"@type":"ImageObject","inLanguage":"de-DE","@id":"https:\/\/www.ballinipitt.lu\/de\/wasserturm-kirchberg-eingeweiht\/#primaryimage","url":"https:\/\/www.ballinipitt.lu\/wp-content\/uploads\/2024\/03\/Chateau-deau-Kirchberg-construction-beton-arme-facade-bois-nids-oiseaux-3-\u00a9BALLINIPITT.jpg","contentUrl":"https:\/\/www.ballinipitt.lu\/wp-content\/uploads\/2024\/03\/Chateau-deau-Kirchberg-construction-beton-arme-facade-bois-nids-oiseaux-3-\u00a9BALLINIPITT.jpg","width":900,"height":1200},{"@type":"BreadcrumbList","@id":"https:\/\/www.ballinipitt.lu\/de\/wasserturm-kirchberg-eingeweiht\/#breadcrumb","itemListElement":[{"@type":"ListItem","position":1,"name":"BALLINIPITT","item":"https:\/\/www.ballinipitt.lu\/de\/start\/"},{"@type":"ListItem","position":2,"name":"Blog","item":"https:\/\/www.ballinipitt.lu\/de\/category\/blog-de\/"},{"@type":"ListItem","position":3,"name":"Nachrichten","item":"https:\/\/www.ballinipitt.lu\/de\/category\/blog-de\/nachrichten-de\/"},{"@type":"ListItem","position":4,"name":"Wasserturm Kirchberg eingeweiht"}]},{"@type":"WebSite","@id":"https:\/\/www.ballinipitt.lu\/de\/#website","url":"https:\/\/www.ballinipitt.lu\/de\/","name":"BALLINIPITT architectes urbanistes","description":"Bureau d&#039;architecture et d&#039;urbanisme bas\u00e9 au Luxembourg","publisher":{"@id":"https:\/\/www.ballinipitt.lu\/de\/#organization"},"potentialAction":[{"@type":"SearchAction","target":{"@type":"EntryPoint","urlTemplate":"https:\/\/www.ballinipitt.lu\/de\/?s={search_term_string}"},"query-input":{"@type":"PropertyValueSpecification","valueRequired":true,"valueName":"search_term_string"}}],"inLanguage":"de-DE"},{"@type":"Organization","@id":"https:\/\/www.ballinipitt.lu\/de\/#organization","name":"BALLINIPITT architectes urbanistes","alternateName":"BALLINIPITT","url":"https:\/\/www.ballinipitt.lu\/de\/","logo":{"@type":"ImageObject","inLanguage":"de-DE","@id":"https:\/\/www.ballinipitt.lu\/de\/#\/schema\/logo\/image\/","url":"https:\/\/www.ballinipitt.lu\/wp-content\/uploads\/2022\/05\/cropped-BALLINIPITT-architectes-urbanistes-basic-bk-transparent-100x470-1.gif","contentUrl":"https:\/\/www.ballinipitt.lu\/wp-content\/uploads\/2022\/05\/cropped-BALLINIPITT-architectes-urbanistes-basic-bk-transparent-100x470-1.gif","width":350,"height":100,"caption":"BALLINIPITT architectes urbanistes"},"image":{"@id":"https:\/\/www.ballinipitt.lu\/de\/#\/schema\/logo\/image\/"},"sameAs":["https:\/\/www.facebook.com\/Ballinipitt","https:\/\/x.com\/BALLINIPITT","https:\/\/www.instagram.com\/ballinipitt","https:\/\/www.linkedin.com\/company\/ballinipitt-architectes-urbaniste\/"]},{"@type":"Person","@id":"https:\/\/www.ballinipitt.lu\/de\/#\/schema\/person\/f41b17c894d26d59561e8559cfe20059","name":"BALLINIPITT","sameAs":["https:\/\/www.ballinipitt.lu","https:\/\/www.facebook.com\/ballinipitt","https:\/\/www.instagram.com\/ballinipitt","https:\/\/www.linkedin.com\/company\/ballinipitt-architectes-urbanistes\/","https:\/\/x.com\/BALLINIPITT"]}]}},"_links":{"self":[{"href":"https:\/\/www.ballinipitt.lu\/de\/wp-json\/wp\/v2\/posts\/6728","targetHints":{"allow":["GET"]}}],"collection":[{"href":"https:\/\/www.ballinipitt.lu\/de\/wp-json\/wp\/v2\/posts"}],"about":[{"href":"https:\/\/www.ballinipitt.lu\/de\/wp-json\/wp\/v2\/types\/post"}],"author":[{"embeddable":true,"href":"https:\/\/www.ballinipitt.lu\/de\/wp-json\/wp\/v2\/users\/1"}],"replies":[{"embeddable":true,"href":"https:\/\/www.ballinipitt.lu\/de\/wp-json\/wp\/v2\/comments?post=6728"}],"version-history":[{"count":2,"href":"https:\/\/www.ballinipitt.lu\/de\/wp-json\/wp\/v2\/posts\/6728\/revisions"}],"predecessor-version":[{"id":6807,"href":"https:\/\/www.ballinipitt.lu\/de\/wp-json\/wp\/v2\/posts\/6728\/revisions\/6807"}],"wp:featuredmedia":[{"embeddable":true,"href":"https:\/\/www.ballinipitt.lu\/de\/wp-json\/wp\/v2\/media\/5628"}],"wp:attachment":[{"href":"https:\/\/www.ballinipitt.lu\/de\/wp-json\/wp\/v2\/media?parent=6728"}],"wp:term":[{"taxonomy":"category","embeddable":true,"href":"https:\/\/www.ballinipitt.lu\/de\/wp-json\/wp\/v2\/categories?post=6728"},{"taxonomy":"post_tag","embeddable":true,"href":"https:\/\/www.ballinipitt.lu\/de\/wp-json\/wp\/v2\/tags?post=6728"}],"curies":[{"name":"wp","href":"https:\/\/api.w.org\/{rel}","templated":true}]}}