{"id":5949,"date":"2024-04-23T09:31:41","date_gmt":"2024-04-23T08:31:41","guid":{"rendered":"https:\/\/www.ballinipitt.lu\/pap-aischzenter\/"},"modified":"2024-06-04T10:31:16","modified_gmt":"2024-06-04T09:31:16","slug":"pap-aischzenter","status":"publish","type":"post","link":"https:\/\/www.ballinipitt.lu\/de\/pap-aischzenter\/","title":{"rendered":"PAP Aischzenter"},"content":{"rendered":"\t\t<div data-elementor-type=\"wp-post\" data-elementor-id=\"5949\" class=\"elementor elementor-5949 elementor-5928\" data-elementor-settings=\"{&quot;scroll_snap&quot;:&quot;yes&quot;}\" data-elementor-post-type=\"post\">\n\t\t\t\t\t\t<section class=\"elementor-section elementor-top-section elementor-element elementor-element-7d58e6dc elementor-section-boxed elementor-section-height-default elementor-section-height-default\" data-id=\"7d58e6dc\" data-element_type=\"section\" data-e-type=\"section\">\n\t\t\t\t\t\t<div class=\"elementor-container elementor-column-gap-default\">\n\t\t\t\t\t<div class=\"elementor-column elementor-col-100 elementor-top-column elementor-element elementor-element-1ec6946e\" data-id=\"1ec6946e\" data-element_type=\"column\" data-e-type=\"column\">\n\t\t\t<div class=\"elementor-widget-wrap elementor-element-populated\">\n\t\t\t\t\t\t<div class=\"elementor-element elementor-element-5e835587 elementor-widget elementor-widget-spacer\" data-id=\"5e835587\" data-element_type=\"widget\" data-e-type=\"widget\" data-widget_type=\"spacer.default\">\n\t\t\t\t<div class=\"elementor-widget-container\">\n\t\t\t\t\t\t\t<div class=\"elementor-spacer\">\n\t\t\t<div class=\"elementor-spacer-inner\"><\/div>\n\t\t<\/div>\n\t\t\t\t\t\t<\/div>\n\t\t\t\t<\/div>\n\t\t\t\t<div class=\"elementor-element elementor-element-d7aada4 elementor-arrows-position-inside elementor-pagination-position-outside elementor-widget elementor-widget-image-carousel\" data-id=\"d7aada4\" data-element_type=\"widget\" data-e-type=\"widget\" data-settings=\"{&quot;slides_to_show&quot;:&quot;1&quot;,&quot;lazyload&quot;:&quot;yes&quot;,&quot;effect&quot;:&quot;fade&quot;,&quot;navigation&quot;:&quot;both&quot;,&quot;autoplay&quot;:&quot;yes&quot;,&quot;pause_on_hover&quot;:&quot;yes&quot;,&quot;pause_on_interaction&quot;:&quot;yes&quot;,&quot;autoplay_speed&quot;:5000,&quot;infinite&quot;:&quot;yes&quot;,&quot;speed&quot;:500}\" data-widget_type=\"image-carousel.default\">\n\t\t\t\t<div class=\"elementor-widget-container\">\n\t\t\t\t\t\t\t<div class=\"elementor-image-carousel-wrapper swiper\" role=\"region\" aria-roledescription=\"carousel\" aria-label=\"Bild Karussell\" dir=\"ltr\">\n\t\t\t<div class=\"elementor-image-carousel swiper-wrapper\" aria-live=\"off\">\n\t\t\t\t\t\t\t\t<div class=\"swiper-slide\" role=\"group\" aria-roledescription=\"slide\" aria-label=\"1 von 2\"><a data-elementor-open-lightbox=\"yes\" data-elementor-lightbox-slideshow=\"d7aada4\" data-e-action-hash=\"#elementor-action%3Aaction%3Dlightbox%26settings%3DeyJpZCI6NTkyNywidXJsIjoiaHR0cHM6XC9cL3d3dy5iYWxsaW5pcGl0dC5sdVwvd3AtY29udGVudFwvdXBsb2Fkc1wvMjAyNFwvMDRcL0wwMy1BaXNjaHplbnRlci1QQVAtYXBwYXJ0ZW1lbnRzLW1peHRlLWhhYml0YXRpb24tU3RlaW5mb3J0LUx1eGVtYm91cmctMi13ZWIuanBnIiwic2xpZGVzaG93IjoiZDdhYWRhNCJ9\" href=\"https:\/\/www.ballinipitt.lu\/wp-content\/uploads\/2024\/04\/L03-Aischzenter-PAP-appartements-mixte-habitation-Steinfort-Luxembourg-2-web.jpg\"><figure class=\"swiper-slide-inner\"><img class=\"swiper-slide-image swiper-lazy\" data-src=\"https:\/\/www.ballinipitt.lu\/wp-content\/uploads\/2024\/04\/L03-Aischzenter-PAP-appartements-mixte-habitation-Steinfort-Luxembourg-2-web-768x432.jpg\" alt=\"L03-Aischzenter-PAP-appartements-mixte-habitation-Steinfort-Luxembourg-2-web\" \/><div class=\"swiper-lazy-preloader\"><\/div><\/figure><\/a><\/div><div class=\"swiper-slide\" role=\"group\" aria-roledescription=\"slide\" aria-label=\"2 von 2\"><a data-elementor-open-lightbox=\"yes\" data-elementor-lightbox-slideshow=\"d7aada4\" data-elementor-lightbox-title=\"PAP AISCHZENTER quartier r\u00e9sidentiel \u00e0 Steinfort \" data-e-action-hash=\"#elementor-action%3Aaction%3Dlightbox%26settings%3DeyJpZCI6NTkzNiwidXJsIjoiaHR0cHM6XC9cL3d3dy5iYWxsaW5pcGl0dC5sdVwvd3AtY29udGVudFwvdXBsb2Fkc1wvMjAyNFwvMDRcL0wwMy1BaXNjaHplbnRlci1QQVAtYXBwYXJ0ZW1lbnRzLW1peHRlLWhhYml0YXRpb24tU3RlaW5mb3J0LUx1eGVtYm91cmctMi13ZWItMS5qcGciLCJzbGlkZXNob3ciOiJkN2FhZGE0In0%3D\" href=\"https:\/\/www.ballinipitt.lu\/wp-content\/uploads\/2024\/04\/L03-Aischzenter-PAP-appartements-mixte-habitation-Steinfort-Luxembourg-2-web-1.jpg\"><figure class=\"swiper-slide-inner\"><img class=\"swiper-slide-image swiper-lazy\" data-src=\"https:\/\/www.ballinipitt.lu\/wp-content\/uploads\/2024\/04\/L03-Aischzenter-PAP-appartements-mixte-habitation-Steinfort-Luxembourg-2-web-1-768x432.jpg\" alt=\"PAP AISCHZENTER quartier r\u00e9sidentiel \u00e0 Steinfort\" \/><div class=\"swiper-lazy-preloader\"><\/div><\/figure><\/a><\/div>\t\t\t<\/div>\n\t\t\t\t\t\t\t\t\t\t\t\t<div class=\"elementor-swiper-button elementor-swiper-button-prev\" role=\"button\" tabindex=\"0\">\n\t\t\t\t\t\t<i aria-hidden=\"true\" class=\"eicon-chevron-left\"><\/i>\t\t\t\t\t<\/div>\n\t\t\t\t\t<div class=\"elementor-swiper-button elementor-swiper-button-next\" role=\"button\" tabindex=\"0\">\n\t\t\t\t\t\t<i aria-hidden=\"true\" class=\"eicon-chevron-right\"><\/i>\t\t\t\t\t<\/div>\n\t\t\t\t\n\t\t\t\t\t\t\t\t\t<div class=\"swiper-pagination\"><\/div>\n\t\t\t\t\t\t\t\t\t<\/div>\n\t\t\t\t\t\t<\/div>\n\t\t\t\t<\/div>\n\t\t\t\t\t<\/div>\n\t\t<\/div>\n\t\t\t\t\t<\/div>\n\t\t<\/section>\n\t\t\t\t<section class=\"elementor-section elementor-top-section elementor-element elementor-element-63e30d8d elementor-section-boxed elementor-section-height-default elementor-section-height-default\" data-id=\"63e30d8d\" data-element_type=\"section\" data-e-type=\"section\">\n\t\t\t\t\t\t<div class=\"elementor-container elementor-column-gap-default\">\n\t\t\t\t\t<div class=\"elementor-column elementor-col-100 elementor-top-column elementor-element elementor-element-6d8b309a\" data-id=\"6d8b309a\" data-element_type=\"column\" data-e-type=\"column\">\n\t\t\t<div class=\"elementor-widget-wrap elementor-element-populated\">\n\t\t\t\t\t\t<div class=\"elementor-element elementor-element-6dc80184 elementor-widget elementor-widget-breadcrumbs\" data-id=\"6dc80184\" data-element_type=\"widget\" data-e-type=\"widget\" data-widget_type=\"breadcrumbs.default\">\n\t\t\t\t<div class=\"elementor-widget-container\">\n\t\t\t\t\t<p id=\"breadcrumbs\"><span><span><a href=\"https:\/\/www.ballinipitt.lu\/de\/start\/\">BALLINIPITT<\/a><\/span><\/span><\/p>\t\t\t\t<\/div>\n\t\t\t\t<\/div>\n\t\t\t\t<div class=\"elementor-element elementor-element-33546b70 elementor-widget elementor-widget-theme-post-title elementor-page-title elementor-widget-heading\" data-id=\"33546b70\" data-element_type=\"widget\" data-e-type=\"widget\" data-widget_type=\"theme-post-title.default\">\n\t\t\t\t<div class=\"elementor-widget-container\">\n\t\t\t\t\t<h1 class=\"elementor-heading-title elementor-size-default\">PAP Aischzenter<\/h1>\t\t\t\t<\/div>\n\t\t\t\t<\/div>\n\t\t\t\t<div class=\"elementor-element elementor-element-60ce5645 elementor-widget elementor-widget-theme-post-excerpt\" data-id=\"60ce5645\" data-element_type=\"widget\" data-e-type=\"widget\" data-widget_type=\"theme-post-excerpt.default\">\n\t\t\t\t<div class=\"elementor-widget-container\">\n\t\t\t\t\tPAP AISCHZENTER ist ein Wohngebiet in Steinfort mit 400 Wohnungen, einem kleinen Supermarkt und B\u00fcros und Praxen. \n\t\t\t\t<\/div>\n\t\t\t\t<\/div>\n\t\t\t\t<section class=\"elementor-section elementor-inner-section elementor-element elementor-element-42087971 elementor-section-boxed elementor-section-height-default elementor-section-height-default\" data-id=\"42087971\" data-element_type=\"section\" data-e-type=\"section\">\n\t\t\t\t\t\t<div class=\"elementor-container elementor-column-gap-default\">\n\t\t\t\t\t<div class=\"elementor-column elementor-col-50 elementor-inner-column elementor-element elementor-element-712baf2f\" data-id=\"712baf2f\" data-element_type=\"column\" data-e-type=\"column\">\n\t\t\t<div class=\"elementor-widget-wrap elementor-element-populated\">\n\t\t\t\t\t\t<div class=\"elementor-element elementor-element-3975359a elementor-widget elementor-widget-text-editor\" data-id=\"3975359a\" data-element_type=\"widget\" data-e-type=\"widget\" data-widget_type=\"text-editor.default\">\n\t\t\t\t<div class=\"elementor-widget-container\">\n\t\t\t\t\t\t\t\t\t<p>Um eine qualitative Umnutzung der Industriestandorte KREMER und GRADEL zu erm\u00f6glichen, begann die Gemeinde Steinfort im Jahr 2008 mit umfassenden \u00dcberlegungen zur Entwicklung dieses Gebietes, das sich in der N\u00e4he des Zentrums der Gemeinde Steinfort befindet.<\/p>\n<p>Anschlie\u00dfend wurde ein koordinierter Prozess zwischen allen notwendigen Gespr\u00e4chspartnern in Gang gesetzt. Die Genehmigung des PAG im Juni 2010 war ein wichtiger Schritt f\u00fcr den Fortschritt der Entwicklung.<\/p>\n<p>Das fragliche Grundst\u00fcck liegt zwischen zwei verschiedenen Zonen. Ein Teil des Grundst\u00fccks mit einer Fl\u00e4che von ca. 36.213 m2 ist als &#8222;Zone Mixte \u00e0 caract\u00e8re Urbain&#8220; (ZMU) klassifiziert. Der andere Teil des Grundst\u00fccks mit einer Fl\u00e4che von ca. 11.642 m2 ist als &#8222;Wohngebiet 2&#8220; (HAB-2) klassifiziert.<\/p><\/p>\n\t\t\t\t\t\t\t\t<\/div>\n\t\t\t\t<\/div>\n\t\t\t\t\t<\/div>\n\t\t<\/div>\n\t\t\t\t<div class=\"elementor-column elementor-col-50 elementor-inner-column elementor-element elementor-element-6b198872\" data-id=\"6b198872\" data-element_type=\"column\" data-e-type=\"column\">\n\t\t\t<div class=\"elementor-widget-wrap elementor-element-populated\">\n\t\t\t\t\t\t<div class=\"elementor-element elementor-element-59309e79 elementor-widget elementor-widget-text-editor\" data-id=\"59309e79\" data-element_type=\"widget\" data-e-type=\"widget\" data-widget_type=\"text-editor.default\">\n\t\t\t\t<div class=\"elementor-widget-container\">\n\t\t\t\t\t\t\t\t\t<p>Die Gesamtfl\u00e4che des Gebietes, das von diesem PAP AISCHZENTER abgedeckt wird, betr\u00e4gt 47.855 m2.<\/p>\n<p>Gem\u00e4\u00df diesem &#8222;genius loci&#8220; und dem folgenden Potenzial werden ca. 400 Wohnungen entwickelt und &#8211; in einer Nebenreihe &#8211; ein kleiner Supermarkt sowie B\u00fcros und Praxen. Das Projekt arbeitet mit dieser hohen Dichte, findet aber einen parzellierten Ma\u00dfstab, der sich von anderen Wohngebieten unterscheidet.<\/p>\n\t\t\t\t\t\t\t\t<\/div>\n\t\t\t\t<\/div>\n\t\t\t\t\t<\/div>\n\t\t<\/div>\n\t\t\t\t\t<\/div>\n\t\t<\/section>\n\t\t\t\t\t<\/div>\n\t\t<\/div>\n\t\t\t\t\t<\/div>\n\t\t<\/section>\n\t\t\t\t<section class=\"elementor-section elementor-top-section elementor-element elementor-element-1e1d7b95 elementor-section-boxed elementor-section-height-default elementor-section-height-default\" data-id=\"1e1d7b95\" data-element_type=\"section\" data-e-type=\"section\">\n\t\t\t\t\t\t<div class=\"elementor-container elementor-column-gap-default\">\n\t\t\t\t\t<div class=\"elementor-column elementor-col-100 elementor-top-column elementor-element elementor-element-15c09606\" data-id=\"15c09606\" data-element_type=\"column\" data-e-type=\"column\">\n\t\t\t<div class=\"elementor-widget-wrap elementor-element-populated\">\n\t\t\t\t\t\t<div class=\"elementor-element elementor-element-fed2783 elementor-widget-divider--view-line elementor-widget elementor-widget-divider\" data-id=\"fed2783\" data-element_type=\"widget\" data-e-type=\"widget\" data-widget_type=\"divider.default\">\n\t\t\t\t<div class=\"elementor-widget-container\">\n\t\t\t\t\t\t\t<div class=\"elementor-divider\">\n\t\t\t<span class=\"elementor-divider-separator\">\n\t\t\t\t\t\t<\/span>\n\t\t<\/div>\n\t\t\t\t\t\t<\/div>\n\t\t\t\t<\/div>\n\t\t\t\t<section class=\"elementor-section elementor-inner-section elementor-element elementor-element-67192fd2 elementor-section-boxed elementor-section-height-default elementor-section-height-default\" data-id=\"67192fd2\" data-element_type=\"section\" data-e-type=\"section\">\n\t\t\t\t\t\t<div class=\"elementor-container elementor-column-gap-default\">\n\t\t\t\t\t<div class=\"elementor-column elementor-col-25 elementor-inner-column elementor-element elementor-element-90378ff\" data-id=\"90378ff\" data-element_type=\"column\" data-e-type=\"column\">\n\t\t\t<div class=\"elementor-widget-wrap elementor-element-populated\">\n\t\t\t\t\t\t<div class=\"elementor-element elementor-element-43e146d1 elementor-icon-list--layout-traditional elementor-list-item-link-full_width elementor-widget elementor-widget-icon-list\" data-id=\"43e146d1\" data-element_type=\"widget\" data-e-type=\"widget\" data-widget_type=\"icon-list.default\">\n\t\t\t\t<div class=\"elementor-widget-container\">\n\t\t\t\t\t\t\t<ul class=\"elementor-icon-list-items\">\n\t\t\t\t\t\t\t<li class=\"elementor-icon-list-item\">\n\t\t\t\t\t\t\t\t\t\t<span class=\"elementor-icon-list-text\"><b>Kunde: <\/b> Aischzenter S.A. <\/span>\n\t\t\t\t\t\t\t\t\t<\/li>\n\t\t\t\t\t\t\t\t<li class=\"elementor-icon-list-item\">\n\t\t\t\t\t\t\t\t\t\t<span class=\"elementor-icon-list-text\"><b>Ort <\/b>: Steinfort, Luxemburg<\/span>\n\t\t\t\t\t\t\t\t\t<\/li>\n\t\t\t\t\t\t\t\t<li class=\"elementor-icon-list-item\">\n\t\t\t\t\t\t\t\t\t\t<span class=\"elementor-icon-list-text\"><b>Fl\u00e4che (SCB): <\/b> 50.000 m\u00b2.<\/span>\n\t\t\t\t\t\t\t\t\t<\/li>\n\t\t\t\t\t\t\t\t<li class=\"elementor-icon-list-item\">\n\t\t\t\t\t\t\t\t\t\t<span class=\"elementor-icon-list-text\"><b>Volumen (VB): <\/b>150.000 m\u00b3.<\/span>\n\t\t\t\t\t\t\t\t\t<\/li>\n\t\t\t\t\t\t\t\t<li class=\"elementor-icon-list-item\">\n\t\t\t\t\t\t\t\t\t\t<span class=\"elementor-icon-list-text\"><b>Typologie: <\/b> Stadtplanung<\/span>\n\t\t\t\t\t\t\t\t\t<\/li>\n\t\t\t\t\t\t<\/ul>\n\t\t\t\t\t\t<\/div>\n\t\t\t\t<\/div>\n\t\t\t\t\t<\/div>\n\t\t<\/div>\n\t\t\t\t<div class=\"elementor-column elementor-col-25 elementor-inner-column elementor-element elementor-element-db041b3\" data-id=\"db041b3\" data-element_type=\"column\" data-e-type=\"column\">\n\t\t\t<div class=\"elementor-widget-wrap elementor-element-populated\">\n\t\t\t\t\t\t<div class=\"elementor-element elementor-element-407c5876 elementor-icon-list--layout-traditional elementor-list-item-link-full_width elementor-widget elementor-widget-icon-list\" data-id=\"407c5876\" data-element_type=\"widget\" data-e-type=\"widget\" data-widget_type=\"icon-list.default\">\n\t\t\t\t<div class=\"elementor-widget-container\">\n\t\t\t\t\t\t\t<ul class=\"elementor-icon-list-items\">\n\t\t\t\t\t\t\t<li class=\"elementor-icon-list-item\">\n\t\t\t\t\t\t\t\t\t\t<span class=\"elementor-icon-list-text\"><b>Zeitplan der Studien: <\/b> 2008-2013<\/span>\n\t\t\t\t\t\t\t\t\t<\/li>\n\t\t\t\t\t\t\t\t<li class=\"elementor-icon-list-item\">\n\t\t\t\t\t\t\t\t\t\t<span class=\"elementor-icon-list-text\"><b>Ausf\u00fchrung: <\/b> 2017-2020<\/span>\n\t\t\t\t\t\t\t\t\t<\/li>\n\t\t\t\t\t\t\t\t<li class=\"elementor-icon-list-item\">\n\t\t\t\t\t\t\t\t\t\t<span class=\"elementor-icon-list-text\"><b>Phase(n): <\/b> PAP<\/span>\n\t\t\t\t\t\t\t\t\t<\/li>\n\t\t\t\t\t\t<\/ul>\n\t\t\t\t\t\t<\/div>\n\t\t\t\t<\/div>\n\t\t\t\t\t<\/div>\n\t\t<\/div>\n\t\t\t\t<div class=\"elementor-column elementor-col-25 elementor-inner-column elementor-element elementor-element-27d7da7d\" data-id=\"27d7da7d\" data-element_type=\"column\" data-e-type=\"column\">\n\t\t\t<div class=\"elementor-widget-wrap elementor-element-populated\">\n\t\t\t\t\t\t<div class=\"elementor-element elementor-element-22794159 elementor-icon-list--layout-traditional elementor-list-item-link-full_width elementor-widget elementor-widget-icon-list\" data-id=\"22794159\" data-element_type=\"widget\" data-e-type=\"widget\" data-widget_type=\"icon-list.default\">\n\t\t\t\t<div class=\"elementor-widget-container\">\n\t\t\t\t\t\t\t<ul class=\"elementor-icon-list-items\">\n\t\t\t\t\t\t\t<li class=\"elementor-icon-list-item\">\n\t\t\t\t\t\t\t\t\t\t<span class=\"elementor-icon-list-text\"><b>Team: <\/b> Roger Pitt, Gregor Beul, Henry Hellriegel, Philipp Hoff<\/span>\n\t\t\t\t\t\t\t\t\t<\/li>\n\t\t\t\t\t\t<\/ul>\n\t\t\t\t\t\t<\/div>\n\t\t\t\t<\/div>\n\t\t\t\t\t<\/div>\n\t\t<\/div>\n\t\t\t\t<div class=\"elementor-column elementor-col-25 elementor-inner-column elementor-element elementor-element-cf048d3\" data-id=\"cf048d3\" data-element_type=\"column\" data-e-type=\"column\">\n\t\t\t<div class=\"elementor-widget-wrap elementor-element-populated\">\n\t\t\t\t\t\t<div class=\"elementor-element elementor-element-7fa8c16e elementor-icon-list--layout-traditional elementor-list-item-link-full_width elementor-widget elementor-widget-icon-list\" data-id=\"7fa8c16e\" data-element_type=\"widget\" data-e-type=\"widget\" data-widget_type=\"icon-list.default\">\n\t\t\t\t<div class=\"elementor-widget-container\">\n\t\t\t\t\t\t\t<ul class=\"elementor-icon-list-items\">\n\t\t\t\t\t\t\t<li class=\"elementor-icon-list-item\">\n\t\t\t\t\t\t\t\t\t\t\t<a href=\"https:\/\/www.schroeder.lu\/fr\/homepage\" target=\"_blank\">\n\n\t\t\t\t\t\t\t\t\t\t\t<span class=\"elementor-icon-list-text\"><b>Tragwerksplaner: <\/b> SGI Ing\u00e9nerie<\/span>\n\t\t\t\t\t\t\t\t\t\t\t<\/a>\n\t\t\t\t\t\t\t\t\t<\/li>\n\t\t\t\t\t\t<\/ul>\n\t\t\t\t\t\t<\/div>\n\t\t\t\t<\/div>\n\t\t\t\t\t<\/div>\n\t\t<\/div>\n\t\t\t\t\t<\/div>\n\t\t<\/section>\n\t\t\t\t<div class=\"elementor-element elementor-element-3592e958 elementor-widget-divider--view-line elementor-widget elementor-widget-divider\" data-id=\"3592e958\" data-element_type=\"widget\" data-e-type=\"widget\" data-widget_type=\"divider.default\">\n\t\t\t\t<div class=\"elementor-widget-container\">\n\t\t\t\t\t\t\t<div class=\"elementor-divider\">\n\t\t\t<span class=\"elementor-divider-separator\">\n\t\t\t\t\t\t<\/span>\n\t\t<\/div>\n\t\t\t\t\t\t<\/div>\n\t\t\t\t<\/div>\n\t\t\t\t<div class=\"elementor-element elementor-element-4fa18800 elementor-widget elementor-widget-post-info\" data-id=\"4fa18800\" data-element_type=\"widget\" data-e-type=\"widget\" data-widget_type=\"post-info.default\">\n\t\t\t\t<div class=\"elementor-widget-container\">\n\t\t\t\t\t\t\t<ul class=\"elementor-inline-items elementor-icon-list-items elementor-post-info\">\n\t\t\t\t\t\t\t\t<li class=\"elementor-icon-list-item elementor-repeater-item-24d4c22 elementor-inline-item\" itemprop=\"datePublished\">\n\t\t\t\t\t\t<a href=\"https:\/\/www.ballinipitt.lu\/de\/2024\/04\/23\/\">\n\t\t\t\t\t\t\t\t\t\t\t<span class=\"elementor-icon-list-icon\">\n\t\t\t\t\t\t\t\t<i aria-hidden=\"true\" class=\"fas fa-calendar\"><\/i>\t\t\t\t\t\t\t<\/span>\n\t\t\t\t\t\t\t\t\t<span class=\"elementor-icon-list-text elementor-post-info__item elementor-post-info__item--type-date\">\n\t\t\t\t\t\t\t\t\t\t<time>April 23, 2024<\/time>\t\t\t\t\t<\/span>\n\t\t\t\t\t\t\t\t\t<\/a>\n\t\t\t\t<\/li>\n\t\t\t\t<li class=\"elementor-icon-list-item elementor-repeater-item-e3bdda6 elementor-inline-item\" itemprop=\"about\">\n\t\t\t\t\t\t\t\t\t\t<span class=\"elementor-icon-list-icon\">\n\t\t\t\t\t\t\t\t<i aria-hidden=\"true\" class=\"fas fa-tags\"><\/i>\t\t\t\t\t\t\t<\/span>\n\t\t\t\t\t\t\t\t\t<span class=\"elementor-icon-list-text elementor-post-info__item elementor-post-info__item--type-terms\">\n\t\t\t\t\t\t\t\t\t\t<span class=\"elementor-post-info__terms-list\">\n\t\t\t\t<a href=\"https:\/\/www.ballinipitt.lu\/de\/tag\/entwurf\/\" class=\"elementor-post-info__terms-list-item\">Entwurf<\/a>, <a href=\"https:\/\/www.ballinipitt.lu\/de\/tag\/pap-de\/\" class=\"elementor-post-info__terms-list-item\">PAP<\/a>\t\t\t\t<\/span>\n\t\t\t\t\t<\/span>\n\t\t\t\t\t\t\t\t<\/li>\n\t\t\t\t<\/ul>\n\t\t\t\t\t\t<\/div>\n\t\t\t\t<\/div>\n\t\t\t\t<div class=\"elementor-element elementor-element-42a3cbe1 elementor-share-buttons--view-icon elementor-share-buttons--skin-flat elementor-share-buttons--shape-circle elementor-share-buttons--color-custom elementor-grid-0 elementor-widget elementor-widget-share-buttons\" data-id=\"42a3cbe1\" data-element_type=\"widget\" data-e-type=\"widget\" data-widget_type=\"share-buttons.default\">\n\t\t\t\t<div class=\"elementor-widget-container\">\n\t\t\t\t\t\t\t<div class=\"elementor-grid\" role=\"list\">\n\t\t\t\t\t\t\t\t<div class=\"elementor-grid-item\" role=\"listitem\">\n\t\t\t\t\t\t<div class=\"elementor-share-btn elementor-share-btn_facebook\" role=\"button\" tabindex=\"0\" aria-label=\"Teilen auf facebook\">\n\t\t\t\t\t\t\t\t\t\t\t\t\t\t\t<span class=\"elementor-share-btn__icon\">\n\t\t\t\t\t\t\t\t<i class=\"fab fa-facebook\" aria-hidden=\"true\"><\/i>\t\t\t\t\t\t\t<\/span>\n\t\t\t\t\t\t\t\t\t\t\t\t\t\t\t\t\t\t\t\t<\/div>\n\t\t\t\t\t<\/div>\n\t\t\t\t\t\t\t\t\t<div class=\"elementor-grid-item\" role=\"listitem\">\n\t\t\t\t\t\t<div class=\"elementor-share-btn elementor-share-btn_twitter\" role=\"button\" tabindex=\"0\" aria-label=\"Teilen auf twitter\">\n\t\t\t\t\t\t\t\t\t\t\t\t\t\t\t<span class=\"elementor-share-btn__icon\">\n\t\t\t\t\t\t\t\t<i class=\"fab fa-twitter\" aria-hidden=\"true\"><\/i>\t\t\t\t\t\t\t<\/span>\n\t\t\t\t\t\t\t\t\t\t\t\t\t\t\t\t\t\t\t\t<\/div>\n\t\t\t\t\t<\/div>\n\t\t\t\t\t\t\t\t\t<div class=\"elementor-grid-item\" role=\"listitem\">\n\t\t\t\t\t\t<div class=\"elementor-share-btn elementor-share-btn_linkedin\" role=\"button\" tabindex=\"0\" aria-label=\"Teilen auf linkedin\">\n\t\t\t\t\t\t\t\t\t\t\t\t\t\t\t<span class=\"elementor-share-btn__icon\">\n\t\t\t\t\t\t\t\t<i class=\"fab fa-linkedin\" aria-hidden=\"true\"><\/i>\t\t\t\t\t\t\t<\/span>\n\t\t\t\t\t\t\t\t\t\t\t\t\t\t\t\t\t\t\t\t<\/div>\n\t\t\t\t\t<\/div>\n\t\t\t\t\t\t\t\t\t<div class=\"elementor-grid-item\" role=\"listitem\">\n\t\t\t\t\t\t<div class=\"elementor-share-btn elementor-share-btn_pinterest\" role=\"button\" tabindex=\"0\" aria-label=\"Teilen auf pinterest\">\n\t\t\t\t\t\t\t\t\t\t\t\t\t\t\t<span class=\"elementor-share-btn__icon\">\n\t\t\t\t\t\t\t\t<i class=\"fab fa-pinterest\" aria-hidden=\"true\"><\/i>\t\t\t\t\t\t\t<\/span>\n\t\t\t\t\t\t\t\t\t\t\t\t\t\t\t\t\t\t\t\t<\/div>\n\t\t\t\t\t<\/div>\n\t\t\t\t\t\t\t\t\t<div class=\"elementor-grid-item\" role=\"listitem\">\n\t\t\t\t\t\t<div class=\"elementor-share-btn elementor-share-btn_email\" role=\"button\" tabindex=\"0\" aria-label=\"Teilen auf email\">\n\t\t\t\t\t\t\t\t\t\t\t\t\t\t\t<span class=\"elementor-share-btn__icon\">\n\t\t\t\t\t\t\t\t<i class=\"fas fa-envelope\" aria-hidden=\"true\"><\/i>\t\t\t\t\t\t\t<\/span>\n\t\t\t\t\t\t\t\t\t\t\t\t\t\t\t\t\t\t\t\t<\/div>\n\t\t\t\t\t<\/div>\n\t\t\t\t\t\t\t\t\t<div class=\"elementor-grid-item\" role=\"listitem\">\n\t\t\t\t\t\t<div class=\"elementor-share-btn elementor-share-btn_print\" role=\"button\" tabindex=\"0\" aria-label=\"Teilen auf print\">\n\t\t\t\t\t\t\t\t\t\t\t\t\t\t\t<span class=\"elementor-share-btn__icon\">\n\t\t\t\t\t\t\t\t<i class=\"fas fa-print\" aria-hidden=\"true\"><\/i>\t\t\t\t\t\t\t<\/span>\n\t\t\t\t\t\t\t\t\t\t\t\t\t\t\t\t\t\t\t\t<\/div>\n\t\t\t\t\t<\/div>\n\t\t\t\t\t\t<\/div>\n\t\t\t\t\t\t<\/div>\n\t\t\t\t<\/div>\n\t\t\t\t<div class=\"elementor-element elementor-element-6ab2df41 elementor-widget elementor-widget-spacer\" data-id=\"6ab2df41\" data-element_type=\"widget\" data-e-type=\"widget\" data-widget_type=\"spacer.default\">\n\t\t\t\t<div class=\"elementor-widget-container\">\n\t\t\t\t\t\t\t<div class=\"elementor-spacer\">\n\t\t\t<div class=\"elementor-spacer-inner\"><\/div>\n\t\t<\/div>\n\t\t\t\t\t\t<\/div>\n\t\t\t\t<\/div>\n\t\t\t\t<div class=\"elementor-element elementor-element-3a294552 elementor-widget elementor-widget-post-info\" data-id=\"3a294552\" data-element_type=\"widget\" data-e-type=\"widget\" data-widget_type=\"post-info.default\">\n\t\t\t\t<div class=\"elementor-widget-container\">\n\t\t\t\t\t\t\t<ul class=\"elementor-inline-items elementor-icon-list-items elementor-post-info\">\n\t\t\t\t\t\t\t\t<li class=\"elementor-icon-list-item elementor-repeater-item-3fa2c00 elementor-inline-item\" itemprop=\"about\">\n\t\t\t\t\t\t\t\t\t\t\t\t\t<span class=\"elementor-icon-list-text elementor-post-info__item elementor-post-info__item--type-terms\">\n\t\t\t\t\t\t\t<span class=\"elementor-post-info__item-prefix\">Autres Projets <\/span>\n\t\t\t\t\t\t\t\t\t\t<span class=\"elementor-post-info__terms-list\">\n\t\t\t\t<span class=\"elementor-post-info__terms-list-item\">Stadtplanung<\/span>\t\t\t\t<\/span>\n\t\t\t\t\t<\/span>\n\t\t\t\t\t\t\t\t<\/li>\n\t\t\t\t<\/ul>\n\t\t\t\t\t\t<\/div>\n\t\t\t\t<\/div>\n\t\t\t\t\t<\/div>\n\t\t<\/div>\n\t\t\t\t\t<\/div>\n\t\t<\/section>\n\t\t\t\t<\/div>\n\t\t","protected":false},"excerpt":{"rendered":"<p>PAP AISCHZENTER ist ein Wohngebiet in Steinfort mit 400 Wohnungen, einem kleinen Supermarkt und B\u00fcros und Praxen. <\/p>\n","protected":false},"author":1,"featured_media":5927,"comment_status":"closed","ping_status":"open","sticky":false,"template":"elementor_header_footer","format":"standard","meta":{"fifu_image_url":"https:\/\/www.ballinipitt.lu\/wp-content\/uploads\/2024\/04\/L03-Aischzenter-PAP-appartements-mixte-habitation-Steinfort-Luxembourg-2-web-768x432.jpg","fifu_image_alt":"","footnotes":""},"categories":[37],"tags":[104,135],"class_list":["post-5949","post","type-post","status-publish","format-standard","has-post-thumbnail","hentry","category-stadtplanung-de","tag-entwurf","tag-pap-de"],"yoast_head":"<!-- This site is optimized with the Yoast SEO Premium plugin v27.5 (Yoast SEO v27.5) - https:\/\/yoast.com\/product\/yoast-seo-premium-wordpress\/ -->\n<title>PAP Aischzenter - BALLINIPITT architectes urbanistes<\/title>\n<meta name=\"description\" content=\"PAP AISCHZENTER ist ein Wohngebiet in Steinfort mit 400 Wohnungen, einem kleinen Supermarkt und B\u00fcros und Praxen.\" \/>\n<meta name=\"robots\" content=\"index, follow, max-snippet:-1, max-image-preview:large, max-video-preview:-1\" \/>\n<link rel=\"canonical\" href=\"https:\/\/www.ballinipitt.lu\/de\/pap-aischzenter\/\" \/>\n<meta property=\"og:locale\" content=\"de_DE\" \/>\n<meta property=\"og:type\" content=\"article\" \/>\n<meta property=\"og:title\" content=\"PAP Aischzenter\" \/>\n<meta property=\"og:description\" content=\"PAP AISCHZENTER ist ein Wohngebiet in Steinfort mit 400 Wohnungen, einem kleinen Supermarkt und B\u00fcros und Praxen.\" \/>\n<meta property=\"og:url\" content=\"https:\/\/www.ballinipitt.lu\/de\/pap-aischzenter\/\" \/>\n<meta property=\"og:site_name\" content=\"BALLINIPITT architectes urbanistes\" \/>\n<meta property=\"article:publisher\" content=\"https:\/\/www.facebook.com\/Ballinipitt\" \/>\n<meta property=\"article:author\" content=\"https:\/\/www.facebook.com\/ballinipitt\" \/>\n<meta property=\"article:published_time\" content=\"2024-04-23T08:31:41+00:00\" \/>\n<meta property=\"article:modified_time\" content=\"2024-06-04T09:31:16+00:00\" \/>\n<meta property=\"og:image\" content=\"https:\/\/www.ballinipitt.lu\/wp-content\/uploads\/2024\/04\/L03-Aischzenter-PAP-appartements-mixte-habitation-Steinfort-Luxembourg-2-web-768x432.jpg\" \/><meta property=\"og:image\" content=\"https:\/\/www.ballinipitt.lu\/wp-content\/uploads\/2024\/04\/L03-Aischzenter-PAP-appartements-mixte-habitation-Steinfort-Luxembourg-2-web-768x432.jpg\" \/>\n\t<meta property=\"og:image:width\" content=\"1280\" \/>\n\t<meta property=\"og:image:height\" content=\"720\" \/>\n\t<meta property=\"og:image:type\" content=\"image\/jpeg\" \/>\n<meta name=\"author\" content=\"BALLINIPITT\" \/>\n<meta name=\"twitter:card\" content=\"summary_large_image\" \/>\n<meta name=\"twitter:image\" content=\"https:\/\/www.ballinipitt.lu\/wp-content\/uploads\/2024\/04\/L03-Aischzenter-PAP-appartements-mixte-habitation-Steinfort-Luxembourg-2-web-768x432.jpg\" \/>\n<meta name=\"twitter:creator\" content=\"@BALLINIPITT\" \/>\n<meta name=\"twitter:site\" content=\"@BALLINIPITT\" \/>\n<meta name=\"twitter:label1\" content=\"Verfasst von\" \/>\n\t<meta name=\"twitter:data1\" content=\"BALLINIPITT\" \/>\n\t<meta name=\"twitter:label2\" content=\"Gesch\u00e4tzte Lesezeit\" \/>\n\t<meta name=\"twitter:data2\" content=\"1 Minute\" \/>\n<script type=\"application\/ld+json\" class=\"yoast-schema-graph\">{\"@context\":\"https:\\\/\\\/schema.org\",\"@graph\":[{\"@type\":\"Article\",\"@id\":\"https:\\\/\\\/www.ballinipitt.lu\\\/de\\\/pap-aischzenter\\\/#article\",\"isPartOf\":{\"@id\":\"https:\\\/\\\/www.ballinipitt.lu\\\/de\\\/pap-aischzenter\\\/\"},\"author\":{\"name\":\"BALLINIPITT\",\"@id\":\"https:\\\/\\\/www.ballinipitt.lu\\\/de\\\/#\\\/schema\\\/person\\\/f41b17c894d26d59561e8559cfe20059\"},\"headline\":\"PAP Aischzenter\",\"datePublished\":\"2024-04-23T08:31:41+00:00\",\"dateModified\":\"2024-06-04T09:31:16+00:00\",\"mainEntityOfPage\":{\"@id\":\"https:\\\/\\\/www.ballinipitt.lu\\\/de\\\/pap-aischzenter\\\/\"},\"wordCount\":216,\"publisher\":{\"@id\":\"https:\\\/\\\/www.ballinipitt.lu\\\/de\\\/#organization\"},\"image\":{\"@id\":\"https:\\\/\\\/www.ballinipitt.lu\\\/de\\\/pap-aischzenter\\\/#primaryimage\"},\"thumbnailUrl\":\"https:\\\/\\\/www.ballinipitt.lu\\\/wp-content\\\/uploads\\\/2024\\\/04\\\/L03-Aischzenter-PAP-appartements-mixte-habitation-Steinfort-Luxembourg-2-web.jpg\",\"keywords\":[\"Entwurf\",\"PAP\"],\"articleSection\":[\"Stadtplanung\"],\"inLanguage\":\"de-DE\"},{\"@type\":\"WebPage\",\"@id\":\"https:\\\/\\\/www.ballinipitt.lu\\\/de\\\/pap-aischzenter\\\/\",\"url\":\"https:\\\/\\\/www.ballinipitt.lu\\\/de\\\/pap-aischzenter\\\/\",\"name\":\"PAP Aischzenter - BALLINIPITT architectes urbanistes\",\"isPartOf\":{\"@id\":\"https:\\\/\\\/www.ballinipitt.lu\\\/de\\\/#website\"},\"primaryImageOfPage\":{\"@id\":\"https:\\\/\\\/www.ballinipitt.lu\\\/de\\\/pap-aischzenter\\\/#primaryimage\"},\"image\":{\"@id\":\"https:\\\/\\\/www.ballinipitt.lu\\\/de\\\/pap-aischzenter\\\/#primaryimage\"},\"thumbnailUrl\":\"https:\\\/\\\/www.ballinipitt.lu\\\/wp-content\\\/uploads\\\/2024\\\/04\\\/L03-Aischzenter-PAP-appartements-mixte-habitation-Steinfort-Luxembourg-2-web.jpg\",\"datePublished\":\"2024-04-23T08:31:41+00:00\",\"dateModified\":\"2024-06-04T09:31:16+00:00\",\"description\":\"PAP AISCHZENTER ist ein Wohngebiet in Steinfort mit 400 Wohnungen, einem kleinen Supermarkt und B\u00fcros und Praxen.\",\"breadcrumb\":{\"@id\":\"https:\\\/\\\/www.ballinipitt.lu\\\/de\\\/pap-aischzenter\\\/#breadcrumb\"},\"inLanguage\":\"de-DE\",\"potentialAction\":[{\"@type\":\"ReadAction\",\"target\":[\"https:\\\/\\\/www.ballinipitt.lu\\\/de\\\/pap-aischzenter\\\/\"]}]},{\"@type\":\"ImageObject\",\"inLanguage\":\"de-DE\",\"@id\":\"https:\\\/\\\/www.ballinipitt.lu\\\/de\\\/pap-aischzenter\\\/#primaryimage\",\"url\":\"https:\\\/\\\/www.ballinipitt.lu\\\/wp-content\\\/uploads\\\/2024\\\/04\\\/L03-Aischzenter-PAP-appartements-mixte-habitation-Steinfort-Luxembourg-2-web.jpg\",\"contentUrl\":\"https:\\\/\\\/www.ballinipitt.lu\\\/wp-content\\\/uploads\\\/2024\\\/04\\\/L03-Aischzenter-PAP-appartements-mixte-habitation-Steinfort-Luxembourg-2-web.jpg\",\"width\":1280,\"height\":720},{\"@type\":\"BreadcrumbList\",\"@id\":\"https:\\\/\\\/www.ballinipitt.lu\\\/de\\\/pap-aischzenter\\\/#breadcrumb\",\"itemListElement\":[{\"@type\":\"ListItem\",\"position\":1,\"name\":\"BALLINIPITT\",\"item\":\"https:\\\/\\\/www.ballinipitt.lu\\\/de\\\/start\\\/\"},{\"@type\":\"ListItem\",\"position\":2,\"name\":\"Projekte\",\"item\":\"https:\\\/\\\/www.ballinipitt.lu\\\/de\\\/category\\\/projekte-de\\\/\"},{\"@type\":\"ListItem\",\"position\":3,\"name\":\"Stadtplanung\",\"item\":\"https:\\\/\\\/www.ballinipitt.lu\\\/de\\\/category\\\/projekte-de\\\/stadtplanung-de\\\/\"},{\"@type\":\"ListItem\",\"position\":4,\"name\":\"PAP Aischzenter\"}]},{\"@type\":\"WebSite\",\"@id\":\"https:\\\/\\\/www.ballinipitt.lu\\\/de\\\/#website\",\"url\":\"https:\\\/\\\/www.ballinipitt.lu\\\/de\\\/\",\"name\":\"BALLINIPITT architectes urbanistes\",\"description\":\"Bureau d&#039;architecture et d&#039;urbanisme bas\u00e9 au Luxembourg\",\"publisher\":{\"@id\":\"https:\\\/\\\/www.ballinipitt.lu\\\/de\\\/#organization\"},\"potentialAction\":[{\"@type\":\"SearchAction\",\"target\":{\"@type\":\"EntryPoint\",\"urlTemplate\":\"https:\\\/\\\/www.ballinipitt.lu\\\/de\\\/?s={search_term_string}\"},\"query-input\":{\"@type\":\"PropertyValueSpecification\",\"valueRequired\":true,\"valueName\":\"search_term_string\"}}],\"inLanguage\":\"de-DE\"},{\"@type\":\"Organization\",\"@id\":\"https:\\\/\\\/www.ballinipitt.lu\\\/de\\\/#organization\",\"name\":\"BALLINIPITT architectes urbanistes\",\"alternateName\":\"BALLINIPITT\",\"url\":\"https:\\\/\\\/www.ballinipitt.lu\\\/de\\\/\",\"logo\":{\"@type\":\"ImageObject\",\"inLanguage\":\"de-DE\",\"@id\":\"https:\\\/\\\/www.ballinipitt.lu\\\/de\\\/#\\\/schema\\\/logo\\\/image\\\/\",\"url\":\"https:\\\/\\\/www.ballinipitt.lu\\\/wp-content\\\/uploads\\\/2022\\\/05\\\/cropped-BALLINIPITT-architectes-urbanistes-basic-bk-transparent-100x470-1.gif\",\"contentUrl\":\"https:\\\/\\\/www.ballinipitt.lu\\\/wp-content\\\/uploads\\\/2022\\\/05\\\/cropped-BALLINIPITT-architectes-urbanistes-basic-bk-transparent-100x470-1.gif\",\"width\":350,\"height\":100,\"caption\":\"BALLINIPITT architectes urbanistes\"},\"image\":{\"@id\":\"https:\\\/\\\/www.ballinipitt.lu\\\/de\\\/#\\\/schema\\\/logo\\\/image\\\/\"},\"sameAs\":[\"https:\\\/\\\/www.facebook.com\\\/Ballinipitt\",\"https:\\\/\\\/x.com\\\/BALLINIPITT\",\"https:\\\/\\\/www.instagram.com\\\/ballinipitt\",\"https:\\\/\\\/www.linkedin.com\\\/company\\\/ballinipitt-architectes-urbaniste\\\/\"]},{\"@type\":\"Person\",\"@id\":\"https:\\\/\\\/www.ballinipitt.lu\\\/de\\\/#\\\/schema\\\/person\\\/f41b17c894d26d59561e8559cfe20059\",\"name\":\"BALLINIPITT\",\"sameAs\":[\"https:\\\/\\\/www.ballinipitt.lu\",\"https:\\\/\\\/www.facebook.com\\\/ballinipitt\",\"https:\\\/\\\/www.instagram.com\\\/ballinipitt\",\"https:\\\/\\\/www.linkedin.com\\\/company\\\/ballinipitt-architectes-urbanistes\\\/\",\"https:\\\/\\\/x.com\\\/BALLINIPITT\"]}]}<\/script>\n<!-- \/ Yoast SEO Premium plugin. -->","yoast_head_json":{"title":"PAP Aischzenter - BALLINIPITT architectes urbanistes","description":"PAP AISCHZENTER ist ein Wohngebiet in Steinfort mit 400 Wohnungen, einem kleinen Supermarkt und B\u00fcros und Praxen.","robots":{"index":"index","follow":"follow","max-snippet":"max-snippet:-1","max-image-preview":"max-image-preview:large","max-video-preview":"max-video-preview:-1"},"canonical":"https:\/\/www.ballinipitt.lu\/de\/pap-aischzenter\/","og_locale":"de_DE","og_type":"article","og_title":"PAP Aischzenter","og_description":"PAP AISCHZENTER ist ein Wohngebiet in Steinfort mit 400 Wohnungen, einem kleinen Supermarkt und B\u00fcros und Praxen.","og_url":"https:\/\/www.ballinipitt.lu\/de\/pap-aischzenter\/","og_site_name":"BALLINIPITT architectes urbanistes","article_publisher":"https:\/\/www.facebook.com\/Ballinipitt","article_author":"https:\/\/www.facebook.com\/ballinipitt","article_published_time":"2024-04-23T08:31:41+00:00","article_modified_time":"2024-06-04T09:31:16+00:00","og_image":[{"url":"https:\/\/www.ballinipitt.lu\/wp-content\/uploads\/2024\/04\/L03-Aischzenter-PAP-appartements-mixte-habitation-Steinfort-Luxembourg-2-web-768x432.jpg","type":"","width":"","height":""},{"width":1280,"height":720,"url":"https:\/\/www.ballinipitt.lu\/wp-content\/uploads\/2024\/04\/L03-Aischzenter-PAP-appartements-mixte-habitation-Steinfort-Luxembourg-2-web-768x432.jpg","type":"image\/jpeg"}],"author":"BALLINIPITT","twitter_card":"summary_large_image","twitter_image":"https:\/\/www.ballinipitt.lu\/wp-content\/uploads\/2024\/04\/L03-Aischzenter-PAP-appartements-mixte-habitation-Steinfort-Luxembourg-2-web-768x432.jpg","twitter_creator":"@BALLINIPITT","twitter_site":"@BALLINIPITT","twitter_misc":{"Verfasst von":"BALLINIPITT","Gesch\u00e4tzte Lesezeit":"1 Minute"},"schema":{"@context":"https:\/\/schema.org","@graph":[{"@type":"Article","@id":"https:\/\/www.ballinipitt.lu\/de\/pap-aischzenter\/#article","isPartOf":{"@id":"https:\/\/www.ballinipitt.lu\/de\/pap-aischzenter\/"},"author":{"name":"BALLINIPITT","@id":"https:\/\/www.ballinipitt.lu\/de\/#\/schema\/person\/f41b17c894d26d59561e8559cfe20059"},"headline":"PAP Aischzenter","datePublished":"2024-04-23T08:31:41+00:00","dateModified":"2024-06-04T09:31:16+00:00","mainEntityOfPage":{"@id":"https:\/\/www.ballinipitt.lu\/de\/pap-aischzenter\/"},"wordCount":216,"publisher":{"@id":"https:\/\/www.ballinipitt.lu\/de\/#organization"},"image":{"@id":"https:\/\/www.ballinipitt.lu\/de\/pap-aischzenter\/#primaryimage"},"thumbnailUrl":"https:\/\/www.ballinipitt.lu\/wp-content\/uploads\/2024\/04\/L03-Aischzenter-PAP-appartements-mixte-habitation-Steinfort-Luxembourg-2-web.jpg","keywords":["Entwurf","PAP"],"articleSection":["Stadtplanung"],"inLanguage":"de-DE"},{"@type":"WebPage","@id":"https:\/\/www.ballinipitt.lu\/de\/pap-aischzenter\/","url":"https:\/\/www.ballinipitt.lu\/de\/pap-aischzenter\/","name":"PAP Aischzenter - BALLINIPITT architectes urbanistes","isPartOf":{"@id":"https:\/\/www.ballinipitt.lu\/de\/#website"},"primaryImageOfPage":{"@id":"https:\/\/www.ballinipitt.lu\/de\/pap-aischzenter\/#primaryimage"},"image":{"@id":"https:\/\/www.ballinipitt.lu\/de\/pap-aischzenter\/#primaryimage"},"thumbnailUrl":"https:\/\/www.ballinipitt.lu\/wp-content\/uploads\/2024\/04\/L03-Aischzenter-PAP-appartements-mixte-habitation-Steinfort-Luxembourg-2-web.jpg","datePublished":"2024-04-23T08:31:41+00:00","dateModified":"2024-06-04T09:31:16+00:00","description":"PAP AISCHZENTER ist ein Wohngebiet in Steinfort mit 400 Wohnungen, einem kleinen Supermarkt und B\u00fcros und Praxen.","breadcrumb":{"@id":"https:\/\/www.ballinipitt.lu\/de\/pap-aischzenter\/#breadcrumb"},"inLanguage":"de-DE","potentialAction":[{"@type":"ReadAction","target":["https:\/\/www.ballinipitt.lu\/de\/pap-aischzenter\/"]}]},{"@type":"ImageObject","inLanguage":"de-DE","@id":"https:\/\/www.ballinipitt.lu\/de\/pap-aischzenter\/#primaryimage","url":"https:\/\/www.ballinipitt.lu\/wp-content\/uploads\/2024\/04\/L03-Aischzenter-PAP-appartements-mixte-habitation-Steinfort-Luxembourg-2-web.jpg","contentUrl":"https:\/\/www.ballinipitt.lu\/wp-content\/uploads\/2024\/04\/L03-Aischzenter-PAP-appartements-mixte-habitation-Steinfort-Luxembourg-2-web.jpg","width":1280,"height":720},{"@type":"BreadcrumbList","@id":"https:\/\/www.ballinipitt.lu\/de\/pap-aischzenter\/#breadcrumb","itemListElement":[{"@type":"ListItem","position":1,"name":"BALLINIPITT","item":"https:\/\/www.ballinipitt.lu\/de\/start\/"},{"@type":"ListItem","position":2,"name":"Projekte","item":"https:\/\/www.ballinipitt.lu\/de\/category\/projekte-de\/"},{"@type":"ListItem","position":3,"name":"Stadtplanung","item":"https:\/\/www.ballinipitt.lu\/de\/category\/projekte-de\/stadtplanung-de\/"},{"@type":"ListItem","position":4,"name":"PAP Aischzenter"}]},{"@type":"WebSite","@id":"https:\/\/www.ballinipitt.lu\/de\/#website","url":"https:\/\/www.ballinipitt.lu\/de\/","name":"BALLINIPITT architectes urbanistes","description":"Bureau d&#039;architecture et d&#039;urbanisme bas\u00e9 au Luxembourg","publisher":{"@id":"https:\/\/www.ballinipitt.lu\/de\/#organization"},"potentialAction":[{"@type":"SearchAction","target":{"@type":"EntryPoint","urlTemplate":"https:\/\/www.ballinipitt.lu\/de\/?s={search_term_string}"},"query-input":{"@type":"PropertyValueSpecification","valueRequired":true,"valueName":"search_term_string"}}],"inLanguage":"de-DE"},{"@type":"Organization","@id":"https:\/\/www.ballinipitt.lu\/de\/#organization","name":"BALLINIPITT architectes urbanistes","alternateName":"BALLINIPITT","url":"https:\/\/www.ballinipitt.lu\/de\/","logo":{"@type":"ImageObject","inLanguage":"de-DE","@id":"https:\/\/www.ballinipitt.lu\/de\/#\/schema\/logo\/image\/","url":"https:\/\/www.ballinipitt.lu\/wp-content\/uploads\/2022\/05\/cropped-BALLINIPITT-architectes-urbanistes-basic-bk-transparent-100x470-1.gif","contentUrl":"https:\/\/www.ballinipitt.lu\/wp-content\/uploads\/2022\/05\/cropped-BALLINIPITT-architectes-urbanistes-basic-bk-transparent-100x470-1.gif","width":350,"height":100,"caption":"BALLINIPITT architectes urbanistes"},"image":{"@id":"https:\/\/www.ballinipitt.lu\/de\/#\/schema\/logo\/image\/"},"sameAs":["https:\/\/www.facebook.com\/Ballinipitt","https:\/\/x.com\/BALLINIPITT","https:\/\/www.instagram.com\/ballinipitt","https:\/\/www.linkedin.com\/company\/ballinipitt-architectes-urbaniste\/"]},{"@type":"Person","@id":"https:\/\/www.ballinipitt.lu\/de\/#\/schema\/person\/f41b17c894d26d59561e8559cfe20059","name":"BALLINIPITT","sameAs":["https:\/\/www.ballinipitt.lu","https:\/\/www.facebook.com\/ballinipitt","https:\/\/www.instagram.com\/ballinipitt","https:\/\/www.linkedin.com\/company\/ballinipitt-architectes-urbanistes\/","https:\/\/x.com\/BALLINIPITT"]}]}},"fifu_image_url":"https:\/\/www.ballinipitt.lu\/wp-content\/uploads\/2024\/04\/L03-Aischzenter-PAP-appartements-mixte-habitation-Steinfort-Luxembourg-2-web-768x432.jpg","_links":{"self":[{"href":"https:\/\/www.ballinipitt.lu\/de\/wp-json\/wp\/v2\/posts\/5949","targetHints":{"allow":["GET"]}}],"collection":[{"href":"https:\/\/www.ballinipitt.lu\/de\/wp-json\/wp\/v2\/posts"}],"about":[{"href":"https:\/\/www.ballinipitt.lu\/de\/wp-json\/wp\/v2\/types\/post"}],"author":[{"embeddable":true,"href":"https:\/\/www.ballinipitt.lu\/de\/wp-json\/wp\/v2\/users\/1"}],"replies":[{"embeddable":true,"href":"https:\/\/www.ballinipitt.lu\/de\/wp-json\/wp\/v2\/comments?post=5949"}],"version-history":[{"count":2,"href":"https:\/\/www.ballinipitt.lu\/de\/wp-json\/wp\/v2\/posts\/5949\/revisions"}],"predecessor-version":[{"id":6155,"href":"https:\/\/www.ballinipitt.lu\/de\/wp-json\/wp\/v2\/posts\/5949\/revisions\/6155"}],"wp:featuredmedia":[{"embeddable":true,"href":"https:\/\/www.ballinipitt.lu\/de\/wp-json\/wp\/v2\/media\/5927"}],"wp:attachment":[{"href":"https:\/\/www.ballinipitt.lu\/de\/wp-json\/wp\/v2\/media?parent=5949"}],"wp:term":[{"taxonomy":"category","embeddable":true,"href":"https:\/\/www.ballinipitt.lu\/de\/wp-json\/wp\/v2\/categories?post=5949"},{"taxonomy":"post_tag","embeddable":true,"href":"https:\/\/www.ballinipitt.lu\/de\/wp-json\/wp\/v2\/tags?post=5949"}],"curies":[{"name":"wp","href":"https:\/\/api.w.org\/{rel}","templated":true}]}}