{"id":5614,"date":"2026-03-24T12:00:55","date_gmt":"2026-03-24T11:00:55","guid":{"rendered":"https:\/\/www.ballinipitt.lu\/erfahrener-architektin\/"},"modified":"2026-04-04T10:04:54","modified_gmt":"2026-04-04T09:04:54","slug":"erfahrener-architektin","status":"publish","type":"post","link":"https:\/\/www.ballinipitt.lu\/de\/erfahrener-architektin\/","title":{"rendered":"Erfahrene(r) Architekt(in) \/ Ingenieur(in)"},"content":{"rendered":"\n<h3 class=\"wp-block-heading\" id=\"h-descriptif-du-poste\">Beschreibung der Stelle<\/h3>\n\n<ul class=\"wp-block-list\">\n<li>Bauleitung<\/li>\n\n\n\n<li>Teamarbeit bei Gro\u00dfprojekten im \u00f6ffentlichen und privaten Sektor<\/li>\n\n\n\n<li>Teilnahme an Sch\u00e4tzungen, Beschreibungen der Bausysteme und der verwendeten Produkte<\/li>\n\n\n\n<li>Erstellen und Verfolgen des Arbeitsplans<\/li>\n\n\n\n<li>Technische Koordinierung der Ausf\u00fchrung komplexer Gro\u00dfprojekte.<\/li>\n\n\n\n<li>Leitung von Generalplanung Teams<\/li>\n\n\n\n<li>Kostensteuerung<\/li>\n\n\n\n<li>Bauabnahmen<\/li>\n\n\n\n<li>Die Agentur dank Ihrer Kontaktfreudigkeit gegen\u00fcber Kunden, Bauherren, Partnern, Unternehmen und Lieferanten repr\u00e4sentieren<\/li>\n<\/ul>\n\n<h3 class=\"wp-block-heading\" id=\"h-profil-recherche\">Gesuchtes Profil<\/h3>\n\n<ul class=\"wp-block-list\">\n<li>Als Architekt oder Bauingenieur mit Universit\u00e4tsabschluss (mind. 5 Jahre Studium) verf\u00fcgen Sie \u00fcber mindestens 5 Jahre Berufserfahrung im Projektmanagement im Hochbau sowie \u00fcber fundierte Kenntnisse des \u00f6ffentlichen und privaten Auftragswesens in Luxemburg.<\/li>\n\n\n\n<li>Perfekte Beherrschung der franz\u00f6sischen Sprache in Wort und Schrift; Grundkenntnisse in Deutsch erw\u00fcnscht.<\/li>\n\n\n\n<li>Sie sind strukturiert, genau und gut organisiert, um die Arbeit aller Beteiligten zu erleichtern.<\/li>\n\n\n\n<li>Sie sind belastbar und auf alle Situationen vorbereitet.<\/li>\n\n\n\n<li>Guter Teamgeist und Erfahrung in der F\u00fchrung eines Teams<\/li>\n\n\n\n<li>Selbst\u00e4ndigkeit, Selbstkontrolle und Genauigkeit bei der Arbeit<\/li>\n\n\n\n<li>Ein Team intern und extern leiten und delegieren k\u00f6nnen<\/li>\n<\/ul>\n\n<h3 class=\"wp-block-heading\" id=\"h-ce-que-nous-offrons\">Was wir bieten<\/h3>\n\n<ul class=\"wp-block-list\">\n<li>Einen unbefristeten Arbeitsvertrag in einem dynamischen, enthusiastischen und multikulturellen Team <\/li>\n\n\n\n<li>Eine Berufserfahrung voller Herausforderungen und Chancen<\/li>\n\n\n\n<li>Kontinuierliche Weiterentwicklung mit angepassten Schulungen<\/li>\n\n\n\n<li>Ein Gehalt, das Ihren F\u00e4higkeiten und Qualifikationen entspricht<\/li>\n<\/ul>\n\n<h3 class=\"wp-block-heading\" id=\"h-envie-de-nous-rejoindre\">M\u00f6chten Sie sich uns anschlie\u00dfen? <\/h3>\n\n<p>Senden Sie Ihre Bewerbungsunterlagen mit einem Motivationsschreiben, Lebenslauf, Zeugnis(en) und Portfolio (max. 5mb) an: <a href=\"mailto:rh@ballinipitt.lu\">rh@ballinipitt.lu<\/a><\/p>\n","protected":false},"excerpt":{"rendered":"<p>Zur Verst\u00e4rkung unseres Teams suchen wir eine(n) erfahrene(n) Architekten\/Architektin mit mindestens 10 Jahren Berufserfahrung. <\/p>\n","protected":false},"author":1,"featured_media":4827,"comment_status":"closed","ping_status":"open","sticky":false,"template":"","format":"standard","meta":{"fifu_image_url":"","fifu_image_alt":"","footnotes":""},"categories":[69],"tags":[95,104],"class_list":["post-5614","post","type-post","status-publish","format-standard","has-post-thumbnail","hentry","category-stellenangebote-de","tag-baustelle","tag-entwurf"],"yoast_head":"<!-- This site is optimized with the Yoast SEO Premium plugin v27.3 (Yoast SEO v27.5) - https:\/\/yoast.com\/product\/yoast-seo-premium-wordpress\/ -->\n<title>Erfahrene(r) Architekt(in) \/ Ingenieur(in) - BALLINIPITT architectes urbanistes<\/title>\n<meta name=\"description\" content=\"Zur Verst\u00e4rkung unseres Teams suchen wir eine\/n erfahrene\/n Architekt\/in mit mindestens 5 Jahren Erfahrung.\" \/>\n<meta name=\"robots\" content=\"index, follow, max-snippet:-1, max-image-preview:large, max-video-preview:-1\" \/>\n<link rel=\"canonical\" href=\"https:\/\/www.ballinipitt.lu\/de\/erfahrener-architektin\/\" \/>\n<meta property=\"og:locale\" content=\"de_DE\" \/>\n<meta property=\"og:type\" content=\"article\" \/>\n<meta property=\"og:title\" content=\"Erfahrene(r) Architekt(in) \/ Ingenieur(in)\" \/>\n<meta property=\"og:description\" content=\"Zur Verst\u00e4rkung unseres Teams suchen wir eine\/n erfahrene\/n Architekt\/in mit mindestens 5 Jahren Erfahrung.\" \/>\n<meta property=\"og:url\" content=\"https:\/\/www.ballinipitt.lu\/de\/erfahrener-architektin\/\" \/>\n<meta property=\"og:site_name\" content=\"BALLINIPITT architectes urbanistes\" \/>\n<meta property=\"article:publisher\" content=\"https:\/\/www.facebook.com\/Ballinipitt\" \/>\n<meta property=\"article:author\" content=\"https:\/\/www.facebook.com\/ballinipitt\" \/>\n<meta property=\"article:published_time\" content=\"2026-03-24T11:00:55+00:00\" \/>\n<meta property=\"article:modified_time\" content=\"2026-04-04T09:04:54+00:00\" \/>\n<meta property=\"og:image\" content=\"https:\/\/www.ballinipitt.lu\/wp-content\/uploads\/2022\/10\/immeuble-logement-facade-briques-luxembourg-1.jpg\" \/>\n\t<meta property=\"og:image:width\" content=\"1200\" \/>\n\t<meta property=\"og:image:height\" content=\"800\" \/>\n\t<meta property=\"og:image:type\" content=\"image\/jpeg\" \/>\n<meta name=\"author\" content=\"BALLINIPITT\" \/>\n<meta name=\"twitter:card\" content=\"summary_large_image\" \/>\n<meta name=\"twitter:description\" content=\"Stellenangebote\" \/>\n<meta name=\"twitter:creator\" content=\"@BALLINIPITT\" \/>\n<meta name=\"twitter:site\" content=\"@BALLINIPITT\" \/>\n<meta name=\"twitter:label1\" content=\"Verfasst von\" \/>\n\t<meta name=\"twitter:data1\" content=\"BALLINIPITT\" \/>\n\t<meta name=\"twitter:label2\" content=\"Gesch\u00e4tzte Lesezeit\" \/>\n\t<meta name=\"twitter:data2\" content=\"2 Minuten\" \/>\n<script type=\"application\/ld+json\" class=\"yoast-schema-graph\">{\"@context\":\"https:\\\/\\\/schema.org\",\"@graph\":[{\"@type\":\"Article\",\"@id\":\"https:\\\/\\\/www.ballinipitt.lu\\\/de\\\/erfahrener-architektin\\\/#article\",\"isPartOf\":{\"@id\":\"https:\\\/\\\/www.ballinipitt.lu\\\/de\\\/erfahrener-architektin\\\/\"},\"author\":{\"name\":\"BALLINIPITT\",\"@id\":\"https:\\\/\\\/www.ballinipitt.lu\\\/de\\\/#\\\/schema\\\/person\\\/f41b17c894d26d59561e8559cfe20059\"},\"headline\":\"Erfahrene(r) Architekt(in) \\\/ Ingenieur(in)\",\"datePublished\":\"2026-03-24T11:00:55+00:00\",\"dateModified\":\"2026-04-04T09:04:54+00:00\",\"mainEntityOfPage\":{\"@id\":\"https:\\\/\\\/www.ballinipitt.lu\\\/de\\\/erfahrener-architektin\\\/\"},\"wordCount\":221,\"publisher\":{\"@id\":\"https:\\\/\\\/www.ballinipitt.lu\\\/de\\\/#organization\"},\"image\":{\"@id\":\"https:\\\/\\\/www.ballinipitt.lu\\\/de\\\/erfahrener-architektin\\\/#primaryimage\"},\"thumbnailUrl\":\"https:\\\/\\\/www.ballinipitt.lu\\\/wp-content\\\/uploads\\\/2022\\\/10\\\/immeuble-logement-facade-briques-luxembourg-1.jpg\",\"keywords\":[\"Baustelle\",\"Entwurf\"],\"articleSection\":[\"Stellenangebote\"],\"inLanguage\":\"de-DE\"},{\"@type\":\"WebPage\",\"@id\":\"https:\\\/\\\/www.ballinipitt.lu\\\/de\\\/erfahrener-architektin\\\/\",\"url\":\"https:\\\/\\\/www.ballinipitt.lu\\\/de\\\/erfahrener-architektin\\\/\",\"name\":\"Erfahrene(r) Architekt(in) \\\/ Ingenieur(in) - BALLINIPITT architectes urbanistes\",\"isPartOf\":{\"@id\":\"https:\\\/\\\/www.ballinipitt.lu\\\/de\\\/#website\"},\"primaryImageOfPage\":{\"@id\":\"https:\\\/\\\/www.ballinipitt.lu\\\/de\\\/erfahrener-architektin\\\/#primaryimage\"},\"image\":{\"@id\":\"https:\\\/\\\/www.ballinipitt.lu\\\/de\\\/erfahrener-architektin\\\/#primaryimage\"},\"thumbnailUrl\":\"https:\\\/\\\/www.ballinipitt.lu\\\/wp-content\\\/uploads\\\/2022\\\/10\\\/immeuble-logement-facade-briques-luxembourg-1.jpg\",\"datePublished\":\"2026-03-24T11:00:55+00:00\",\"dateModified\":\"2026-04-04T09:04:54+00:00\",\"description\":\"Zur Verst\u00e4rkung unseres Teams suchen wir eine\\\/n erfahrene\\\/n Architekt\\\/in mit mindestens 5 Jahren Erfahrung.\",\"breadcrumb\":{\"@id\":\"https:\\\/\\\/www.ballinipitt.lu\\\/de\\\/erfahrener-architektin\\\/#breadcrumb\"},\"inLanguage\":\"de-DE\",\"potentialAction\":[{\"@type\":\"ReadAction\",\"target\":[\"https:\\\/\\\/www.ballinipitt.lu\\\/de\\\/erfahrener-architektin\\\/\"]}]},{\"@type\":\"ImageObject\",\"inLanguage\":\"de-DE\",\"@id\":\"https:\\\/\\\/www.ballinipitt.lu\\\/de\\\/erfahrener-architektin\\\/#primaryimage\",\"url\":\"https:\\\/\\\/www.ballinipitt.lu\\\/wp-content\\\/uploads\\\/2022\\\/10\\\/immeuble-logement-facade-briques-luxembourg-1.jpg\",\"contentUrl\":\"https:\\\/\\\/www.ballinipitt.lu\\\/wp-content\\\/uploads\\\/2022\\\/10\\\/immeuble-logement-facade-briques-luxembourg-1.jpg\",\"width\":1200,\"height\":800,\"caption\":\"Wohngeb\u00e4ude mit Backsteinfassade in Luxemburg-Bonnevoie\"},{\"@type\":\"BreadcrumbList\",\"@id\":\"https:\\\/\\\/www.ballinipitt.lu\\\/de\\\/erfahrener-architektin\\\/#breadcrumb\",\"itemListElement\":[{\"@type\":\"ListItem\",\"position\":1,\"name\":\"BALLINIPITT\",\"item\":\"https:\\\/\\\/www.ballinipitt.lu\\\/de\\\/start\\\/\"},{\"@type\":\"ListItem\",\"position\":2,\"name\":\"Stellenangebote\",\"item\":\"https:\\\/\\\/www.ballinipitt.lu\\\/de\\\/category\\\/stellenangebote-de\\\/\"},{\"@type\":\"ListItem\",\"position\":3,\"name\":\"Erfahrene(r) Architekt(in) \\\/ Ingenieur(in)\"}]},{\"@type\":\"WebSite\",\"@id\":\"https:\\\/\\\/www.ballinipitt.lu\\\/de\\\/#website\",\"url\":\"https:\\\/\\\/www.ballinipitt.lu\\\/de\\\/\",\"name\":\"BALLINIPITT architectes urbanistes\",\"description\":\"Bureau d&#039;architecture et d&#039;urbanisme bas\u00e9 au Luxembourg\",\"publisher\":{\"@id\":\"https:\\\/\\\/www.ballinipitt.lu\\\/de\\\/#organization\"},\"potentialAction\":[{\"@type\":\"SearchAction\",\"target\":{\"@type\":\"EntryPoint\",\"urlTemplate\":\"https:\\\/\\\/www.ballinipitt.lu\\\/de\\\/?s={search_term_string}\"},\"query-input\":{\"@type\":\"PropertyValueSpecification\",\"valueRequired\":true,\"valueName\":\"search_term_string\"}}],\"inLanguage\":\"de-DE\"},{\"@type\":\"Organization\",\"@id\":\"https:\\\/\\\/www.ballinipitt.lu\\\/de\\\/#organization\",\"name\":\"BALLINIPITT architectes urbanistes\",\"alternateName\":\"BALLINIPITT\",\"url\":\"https:\\\/\\\/www.ballinipitt.lu\\\/de\\\/\",\"logo\":{\"@type\":\"ImageObject\",\"inLanguage\":\"de-DE\",\"@id\":\"https:\\\/\\\/www.ballinipitt.lu\\\/de\\\/#\\\/schema\\\/logo\\\/image\\\/\",\"url\":\"https:\\\/\\\/www.ballinipitt.lu\\\/wp-content\\\/uploads\\\/2022\\\/05\\\/cropped-BALLINIPITT-architectes-urbanistes-basic-bk-transparent-100x470-1.gif\",\"contentUrl\":\"https:\\\/\\\/www.ballinipitt.lu\\\/wp-content\\\/uploads\\\/2022\\\/05\\\/cropped-BALLINIPITT-architectes-urbanistes-basic-bk-transparent-100x470-1.gif\",\"width\":350,\"height\":100,\"caption\":\"BALLINIPITT architectes urbanistes\"},\"image\":{\"@id\":\"https:\\\/\\\/www.ballinipitt.lu\\\/de\\\/#\\\/schema\\\/logo\\\/image\\\/\"},\"sameAs\":[\"https:\\\/\\\/www.facebook.com\\\/Ballinipitt\",\"https:\\\/\\\/x.com\\\/BALLINIPITT\",\"https:\\\/\\\/www.instagram.com\\\/ballinipitt\",\"https:\\\/\\\/www.linkedin.com\\\/company\\\/ballinipitt-architectes-urbaniste\\\/\"]},{\"@type\":\"Person\",\"@id\":\"https:\\\/\\\/www.ballinipitt.lu\\\/de\\\/#\\\/schema\\\/person\\\/f41b17c894d26d59561e8559cfe20059\",\"name\":\"BALLINIPITT\",\"sameAs\":[\"https:\\\/\\\/www.ballinipitt.lu\",\"https:\\\/\\\/www.facebook.com\\\/ballinipitt\",\"https:\\\/\\\/www.instagram.com\\\/ballinipitt\",\"https:\\\/\\\/www.linkedin.com\\\/company\\\/ballinipitt-architectes-urbanistes\\\/\",\"https:\\\/\\\/x.com\\\/BALLINIPITT\"]}]}<\/script>\n<!-- \/ Yoast SEO Premium plugin. -->","yoast_head_json":{"title":"Erfahrene(r) Architekt(in) \/ Ingenieur(in) - BALLINIPITT architectes urbanistes","description":"Zur Verst\u00e4rkung unseres Teams suchen wir eine\/n erfahrene\/n Architekt\/in mit mindestens 5 Jahren Erfahrung.","robots":{"index":"index","follow":"follow","max-snippet":"max-snippet:-1","max-image-preview":"max-image-preview:large","max-video-preview":"max-video-preview:-1"},"canonical":"https:\/\/www.ballinipitt.lu\/de\/erfahrener-architektin\/","og_locale":"de_DE","og_type":"article","og_title":"Erfahrene(r) Architekt(in) \/ Ingenieur(in)","og_description":"Zur Verst\u00e4rkung unseres Teams suchen wir eine\/n erfahrene\/n Architekt\/in mit mindestens 5 Jahren Erfahrung.","og_url":"https:\/\/www.ballinipitt.lu\/de\/erfahrener-architektin\/","og_site_name":"BALLINIPITT architectes urbanistes","article_publisher":"https:\/\/www.facebook.com\/Ballinipitt","article_author":"https:\/\/www.facebook.com\/ballinipitt","article_published_time":"2026-03-24T11:00:55+00:00","article_modified_time":"2026-04-04T09:04:54+00:00","og_image":[{"width":1200,"height":800,"url":"https:\/\/www.ballinipitt.lu\/wp-content\/uploads\/2022\/10\/immeuble-logement-facade-briques-luxembourg-1.jpg","type":"image\/jpeg"}],"author":"BALLINIPITT","twitter_card":"summary_large_image","twitter_description":"Stellenangebote","twitter_creator":"@BALLINIPITT","twitter_site":"@BALLINIPITT","twitter_misc":{"Verfasst von":"BALLINIPITT","Gesch\u00e4tzte Lesezeit":"2 Minuten"},"schema":{"@context":"https:\/\/schema.org","@graph":[{"@type":"Article","@id":"https:\/\/www.ballinipitt.lu\/de\/erfahrener-architektin\/#article","isPartOf":{"@id":"https:\/\/www.ballinipitt.lu\/de\/erfahrener-architektin\/"},"author":{"name":"BALLINIPITT","@id":"https:\/\/www.ballinipitt.lu\/de\/#\/schema\/person\/f41b17c894d26d59561e8559cfe20059"},"headline":"Erfahrene(r) Architekt(in) \/ Ingenieur(in)","datePublished":"2026-03-24T11:00:55+00:00","dateModified":"2026-04-04T09:04:54+00:00","mainEntityOfPage":{"@id":"https:\/\/www.ballinipitt.lu\/de\/erfahrener-architektin\/"},"wordCount":221,"publisher":{"@id":"https:\/\/www.ballinipitt.lu\/de\/#organization"},"image":{"@id":"https:\/\/www.ballinipitt.lu\/de\/erfahrener-architektin\/#primaryimage"},"thumbnailUrl":"https:\/\/www.ballinipitt.lu\/wp-content\/uploads\/2022\/10\/immeuble-logement-facade-briques-luxembourg-1.jpg","keywords":["Baustelle","Entwurf"],"articleSection":["Stellenangebote"],"inLanguage":"de-DE"},{"@type":"WebPage","@id":"https:\/\/www.ballinipitt.lu\/de\/erfahrener-architektin\/","url":"https:\/\/www.ballinipitt.lu\/de\/erfahrener-architektin\/","name":"Erfahrene(r) Architekt(in) \/ Ingenieur(in) - BALLINIPITT architectes urbanistes","isPartOf":{"@id":"https:\/\/www.ballinipitt.lu\/de\/#website"},"primaryImageOfPage":{"@id":"https:\/\/www.ballinipitt.lu\/de\/erfahrener-architektin\/#primaryimage"},"image":{"@id":"https:\/\/www.ballinipitt.lu\/de\/erfahrener-architektin\/#primaryimage"},"thumbnailUrl":"https:\/\/www.ballinipitt.lu\/wp-content\/uploads\/2022\/10\/immeuble-logement-facade-briques-luxembourg-1.jpg","datePublished":"2026-03-24T11:00:55+00:00","dateModified":"2026-04-04T09:04:54+00:00","description":"Zur Verst\u00e4rkung unseres Teams suchen wir eine\/n erfahrene\/n Architekt\/in mit mindestens 5 Jahren Erfahrung.","breadcrumb":{"@id":"https:\/\/www.ballinipitt.lu\/de\/erfahrener-architektin\/#breadcrumb"},"inLanguage":"de-DE","potentialAction":[{"@type":"ReadAction","target":["https:\/\/www.ballinipitt.lu\/de\/erfahrener-architektin\/"]}]},{"@type":"ImageObject","inLanguage":"de-DE","@id":"https:\/\/www.ballinipitt.lu\/de\/erfahrener-architektin\/#primaryimage","url":"https:\/\/www.ballinipitt.lu\/wp-content\/uploads\/2022\/10\/immeuble-logement-facade-briques-luxembourg-1.jpg","contentUrl":"https:\/\/www.ballinipitt.lu\/wp-content\/uploads\/2022\/10\/immeuble-logement-facade-briques-luxembourg-1.jpg","width":1200,"height":800,"caption":"Wohngeb\u00e4ude mit Backsteinfassade in Luxemburg-Bonnevoie"},{"@type":"BreadcrumbList","@id":"https:\/\/www.ballinipitt.lu\/de\/erfahrener-architektin\/#breadcrumb","itemListElement":[{"@type":"ListItem","position":1,"name":"BALLINIPITT","item":"https:\/\/www.ballinipitt.lu\/de\/start\/"},{"@type":"ListItem","position":2,"name":"Stellenangebote","item":"https:\/\/www.ballinipitt.lu\/de\/category\/stellenangebote-de\/"},{"@type":"ListItem","position":3,"name":"Erfahrene(r) Architekt(in) \/ Ingenieur(in)"}]},{"@type":"WebSite","@id":"https:\/\/www.ballinipitt.lu\/de\/#website","url":"https:\/\/www.ballinipitt.lu\/de\/","name":"BALLINIPITT architectes urbanistes","description":"Bureau d&#039;architecture et d&#039;urbanisme bas\u00e9 au Luxembourg","publisher":{"@id":"https:\/\/www.ballinipitt.lu\/de\/#organization"},"potentialAction":[{"@type":"SearchAction","target":{"@type":"EntryPoint","urlTemplate":"https:\/\/www.ballinipitt.lu\/de\/?s={search_term_string}"},"query-input":{"@type":"PropertyValueSpecification","valueRequired":true,"valueName":"search_term_string"}}],"inLanguage":"de-DE"},{"@type":"Organization","@id":"https:\/\/www.ballinipitt.lu\/de\/#organization","name":"BALLINIPITT architectes urbanistes","alternateName":"BALLINIPITT","url":"https:\/\/www.ballinipitt.lu\/de\/","logo":{"@type":"ImageObject","inLanguage":"de-DE","@id":"https:\/\/www.ballinipitt.lu\/de\/#\/schema\/logo\/image\/","url":"https:\/\/www.ballinipitt.lu\/wp-content\/uploads\/2022\/05\/cropped-BALLINIPITT-architectes-urbanistes-basic-bk-transparent-100x470-1.gif","contentUrl":"https:\/\/www.ballinipitt.lu\/wp-content\/uploads\/2022\/05\/cropped-BALLINIPITT-architectes-urbanistes-basic-bk-transparent-100x470-1.gif","width":350,"height":100,"caption":"BALLINIPITT architectes urbanistes"},"image":{"@id":"https:\/\/www.ballinipitt.lu\/de\/#\/schema\/logo\/image\/"},"sameAs":["https:\/\/www.facebook.com\/Ballinipitt","https:\/\/x.com\/BALLINIPITT","https:\/\/www.instagram.com\/ballinipitt","https:\/\/www.linkedin.com\/company\/ballinipitt-architectes-urbaniste\/"]},{"@type":"Person","@id":"https:\/\/www.ballinipitt.lu\/de\/#\/schema\/person\/f41b17c894d26d59561e8559cfe20059","name":"BALLINIPITT","sameAs":["https:\/\/www.ballinipitt.lu","https:\/\/www.facebook.com\/ballinipitt","https:\/\/www.instagram.com\/ballinipitt","https:\/\/www.linkedin.com\/company\/ballinipitt-architectes-urbanistes\/","https:\/\/x.com\/BALLINIPITT"]}]}},"_links":{"self":[{"href":"https:\/\/www.ballinipitt.lu\/de\/wp-json\/wp\/v2\/posts\/5614","targetHints":{"allow":["GET"]}}],"collection":[{"href":"https:\/\/www.ballinipitt.lu\/de\/wp-json\/wp\/v2\/posts"}],"about":[{"href":"https:\/\/www.ballinipitt.lu\/de\/wp-json\/wp\/v2\/types\/post"}],"author":[{"embeddable":true,"href":"https:\/\/www.ballinipitt.lu\/de\/wp-json\/wp\/v2\/users\/1"}],"replies":[{"embeddable":true,"href":"https:\/\/www.ballinipitt.lu\/de\/wp-json\/wp\/v2\/comments?post=5614"}],"version-history":[{"count":9,"href":"https:\/\/www.ballinipitt.lu\/de\/wp-json\/wp\/v2\/posts\/5614\/revisions"}],"predecessor-version":[{"id":6848,"href":"https:\/\/www.ballinipitt.lu\/de\/wp-json\/wp\/v2\/posts\/5614\/revisions\/6848"}],"wp:featuredmedia":[{"embeddable":true,"href":"https:\/\/www.ballinipitt.lu\/de\/wp-json\/wp\/v2\/media\/4827"}],"wp:attachment":[{"href":"https:\/\/www.ballinipitt.lu\/de\/wp-json\/wp\/v2\/media?parent=5614"}],"wp:term":[{"taxonomy":"category","embeddable":true,"href":"https:\/\/www.ballinipitt.lu\/de\/wp-json\/wp\/v2\/categories?post=5614"},{"taxonomy":"post_tag","embeddable":true,"href":"https:\/\/www.ballinipitt.lu\/de\/wp-json\/wp\/v2\/tags?post=5614"}],"curies":[{"name":"wp","href":"https:\/\/api.w.org\/{rel}","templated":true}]}}