{"id":4893,"date":"2022-11-25T12:32:48","date_gmt":"2022-11-25T11:32:48","guid":{"rendered":"https:\/\/www.ballinipitt.lu\/projekt-schluechthaus-ehemaliger-schlachthof-in-hollerich\/"},"modified":"2022-11-28T09:25:54","modified_gmt":"2022-11-28T08:25:54","slug":"projekt-schluechthaus-ehemaliger-schlachthof-in-hollerich","status":"publish","type":"post","link":"https:\/\/www.ballinipitt.lu\/de\/projekt-schluechthaus-ehemaliger-schlachthof-in-hollerich\/","title":{"rendered":"Projekt Schluechthaus &#8211; ehemaliger Schlachthof in Hollerich"},"content":{"rendered":"\n<p>Unser B\u00fcro geh\u00f6rt zu den sechs Kandidaten, die von der Stadt Luxemburg ausgew\u00e4hlt wurden, die einen europ\u00e4ischen Architekturwettbewerb f\u00fcr die Umnutzung und Entwicklung des ehemaligen Schlachthofs in Hollerich, genannt Schluechthaus, ausgeschrieben hat.<\/p>\n\n\n\n<p>Unser Team aus Architekten, Landschaftsarchitekten, Umwelt- und Kulturingenieuren freut sich auf die Fortsetzung dieses Abenteuers und hofft, die architektonische Identit\u00e4t dieses au\u00dfergew\u00f6hnlichen Ortes weiterentwickeln und ihn in einen Ort verwandeln zu k\u00f6nnen, der dem urbanen Sport und dem kulturellen Schaffen gewidmet ist.  <\/p>\n\n\n\n<p><a href=\"http:\/\/construire-architectes.over-blog.com\/\" target=\"_blank\" rel=\"noreferrer noopener\">Atelier Construire<\/a>, <a href=\"https:\/\/www.constructo.fr\/\" target=\"_blank\" rel=\"noreferrer noopener\">Constructo<\/a>, <a href=\"http:\/\/www.ides.lu\/\" target=\"_blank\" rel=\"noreferrer noopener\">IDES<\/a>, <a href=\"https:\/\/letroisiemepole.com\/\" target=\"_blank\" rel=\"noreferrer noopener\">Le Troisi\u00e8me Pole<\/a> und <a href=\"https:\/\/wald.paris\/\" target=\"_blank\" rel=\"noreferrer noopener\">WALD<\/a> sind unsere Partner, die BALLINIPITT angefragt hat, um ein vollst\u00e4ndiges und kompetentes Team zusammenzustellen.<\/p>\n","protected":false},"excerpt":{"rendered":"<p>Unser B\u00fcro geh\u00f6rt zu den sechs erfolgreichen Bewerbern f\u00fcr die Umnutzung des Schluechthaus-Areals, des ehemaligen Schlachthofs in Hollerich.<\/p>\n","protected":false},"author":1,"featured_media":4888,"comment_status":"closed","ping_status":"open","sticky":false,"template":"","format":"standard","meta":{"fifu_image_url":"","fifu_image_alt":"","footnotes":""},"categories":[105,67],"tags":[101,97],"class_list":["post-4893","post","type-post","status-publish","format-standard","has-post-thumbnail","hentry","category-blog-de","category-nachrichten-de","tag-architektonisches-erbe","tag-wettbewerb"],"yoast_head":"<!-- This site is optimized with the Yoast SEO Premium plugin v27.3 (Yoast SEO v27.5) - https:\/\/yoast.com\/product\/yoast-seo-premium-wordpress\/ -->\n<title>Projekt Schluechthaus - ehemaliger Schlachthof in Hollerich - BALLINIPITT architectes urbanistes<\/title>\n<meta name=\"description\" content=\"Unser B\u00fcro geh\u00f6rt zu den sechs erfolgreichen Bewerbern f\u00fcr die Umnutzung des Schluechthaus-Areals, des ehemaligen Schlachthofs in Hollerich.\" \/>\n<meta name=\"robots\" content=\"index, follow, max-snippet:-1, max-image-preview:large, max-video-preview:-1\" \/>\n<link rel=\"canonical\" href=\"https:\/\/www.ballinipitt.lu\/de\/projekt-schluechthaus-ehemaliger-schlachthof-in-hollerich\/\" \/>\n<meta property=\"og:locale\" content=\"de_DE\" \/>\n<meta property=\"og:type\" content=\"article\" \/>\n<meta property=\"og:title\" content=\"Projekt Schluechthaus - ehemaliger Schlachthof in Hollerich\" \/>\n<meta property=\"og:description\" content=\"Blog\" \/>\n<meta property=\"og:url\" content=\"https:\/\/www.ballinipitt.lu\/de\/projekt-schluechthaus-ehemaliger-schlachthof-in-hollerich\/\" \/>\n<meta property=\"og:site_name\" content=\"BALLINIPITT architectes urbanistes\" \/>\n<meta property=\"article:publisher\" content=\"https:\/\/www.facebook.com\/Ballinipitt\" \/>\n<meta property=\"article:author\" content=\"https:\/\/www.facebook.com\/ballinipitt\" \/>\n<meta property=\"article:published_time\" content=\"2022-11-25T11:32:48+00:00\" \/>\n<meta property=\"article:modified_time\" content=\"2022-11-28T08:25:54+00:00\" \/>\n<meta property=\"og:image\" content=\"https:\/\/www.ballinipitt.lu\/wp-content\/uploads\/2022\/11\/AI35-schluechthaus-abattoir-hollerich-site-urbain-Luxembourg.jpg\" \/>\n\t<meta property=\"og:image:width\" content=\"1200\" \/>\n\t<meta property=\"og:image:height\" content=\"900\" \/>\n\t<meta property=\"og:image:type\" content=\"image\/jpeg\" \/>\n<meta name=\"author\" content=\"BALLINIPITT\" \/>\n<meta name=\"twitter:card\" content=\"summary_large_image\" \/>\n<meta name=\"twitter:creator\" content=\"@BALLINIPITT\" \/>\n<meta name=\"twitter:site\" content=\"@BALLINIPITT\" \/>\n<meta name=\"twitter:label1\" content=\"Verfasst von\" \/>\n\t<meta name=\"twitter:data1\" content=\"BALLINIPITT\" \/>\n\t<meta name=\"twitter:label2\" content=\"Gesch\u00e4tzte Lesezeit\" \/>\n\t<meta name=\"twitter:data2\" content=\"1 Minute\" \/>\n<script type=\"application\/ld+json\" class=\"yoast-schema-graph\">{\"@context\":\"https:\\\/\\\/schema.org\",\"@graph\":[{\"@type\":\"Article\",\"@id\":\"https:\\\/\\\/www.ballinipitt.lu\\\/de\\\/projekt-schluechthaus-ehemaliger-schlachthof-in-hollerich\\\/#article\",\"isPartOf\":{\"@id\":\"https:\\\/\\\/www.ballinipitt.lu\\\/de\\\/projekt-schluechthaus-ehemaliger-schlachthof-in-hollerich\\\/\"},\"author\":{\"name\":\"BALLINIPITT\",\"@id\":\"https:\\\/\\\/www.ballinipitt.lu\\\/de\\\/#\\\/schema\\\/person\\\/f41b17c894d26d59561e8559cfe20059\"},\"headline\":\"Projekt Schluechthaus &#8211; ehemaliger Schlachthof in Hollerich\",\"datePublished\":\"2022-11-25T11:32:48+00:00\",\"dateModified\":\"2022-11-28T08:25:54+00:00\",\"mainEntityOfPage\":{\"@id\":\"https:\\\/\\\/www.ballinipitt.lu\\\/de\\\/projekt-schluechthaus-ehemaliger-schlachthof-in-hollerich\\\/\"},\"wordCount\":115,\"publisher\":{\"@id\":\"https:\\\/\\\/www.ballinipitt.lu\\\/de\\\/#organization\"},\"image\":{\"@id\":\"https:\\\/\\\/www.ballinipitt.lu\\\/de\\\/projekt-schluechthaus-ehemaliger-schlachthof-in-hollerich\\\/#primaryimage\"},\"thumbnailUrl\":\"https:\\\/\\\/www.ballinipitt.lu\\\/wp-content\\\/uploads\\\/2022\\\/11\\\/AI35-schluechthaus-abattoir-hollerich-site-urbain-Luxembourg.jpg\",\"keywords\":[\"Architektonisches Erbe\",\"Wettbewerb\"],\"articleSection\":[\"Blog\",\"Nachrichten\"],\"inLanguage\":\"de-DE\"},{\"@type\":\"WebPage\",\"@id\":\"https:\\\/\\\/www.ballinipitt.lu\\\/de\\\/projekt-schluechthaus-ehemaliger-schlachthof-in-hollerich\\\/\",\"url\":\"https:\\\/\\\/www.ballinipitt.lu\\\/de\\\/projekt-schluechthaus-ehemaliger-schlachthof-in-hollerich\\\/\",\"name\":\"Projekt Schluechthaus - ehemaliger Schlachthof in Hollerich - BALLINIPITT architectes urbanistes\",\"isPartOf\":{\"@id\":\"https:\\\/\\\/www.ballinipitt.lu\\\/de\\\/#website\"},\"primaryImageOfPage\":{\"@id\":\"https:\\\/\\\/www.ballinipitt.lu\\\/de\\\/projekt-schluechthaus-ehemaliger-schlachthof-in-hollerich\\\/#primaryimage\"},\"image\":{\"@id\":\"https:\\\/\\\/www.ballinipitt.lu\\\/de\\\/projekt-schluechthaus-ehemaliger-schlachthof-in-hollerich\\\/#primaryimage\"},\"thumbnailUrl\":\"https:\\\/\\\/www.ballinipitt.lu\\\/wp-content\\\/uploads\\\/2022\\\/11\\\/AI35-schluechthaus-abattoir-hollerich-site-urbain-Luxembourg.jpg\",\"datePublished\":\"2022-11-25T11:32:48+00:00\",\"dateModified\":\"2022-11-28T08:25:54+00:00\",\"description\":\"Unser B\u00fcro geh\u00f6rt zu den sechs erfolgreichen Bewerbern f\u00fcr die Umnutzung des Schluechthaus-Areals, des ehemaligen Schlachthofs in Hollerich.\",\"breadcrumb\":{\"@id\":\"https:\\\/\\\/www.ballinipitt.lu\\\/de\\\/projekt-schluechthaus-ehemaliger-schlachthof-in-hollerich\\\/#breadcrumb\"},\"inLanguage\":\"de-DE\",\"potentialAction\":[{\"@type\":\"ReadAction\",\"target\":[\"https:\\\/\\\/www.ballinipitt.lu\\\/de\\\/projekt-schluechthaus-ehemaliger-schlachthof-in-hollerich\\\/\"]}]},{\"@type\":\"ImageObject\",\"inLanguage\":\"de-DE\",\"@id\":\"https:\\\/\\\/www.ballinipitt.lu\\\/de\\\/projekt-schluechthaus-ehemaliger-schlachthof-in-hollerich\\\/#primaryimage\",\"url\":\"https:\\\/\\\/www.ballinipitt.lu\\\/wp-content\\\/uploads\\\/2022\\\/11\\\/AI35-schluechthaus-abattoir-hollerich-site-urbain-Luxembourg.jpg\",\"contentUrl\":\"https:\\\/\\\/www.ballinipitt.lu\\\/wp-content\\\/uploads\\\/2022\\\/11\\\/AI35-schluechthaus-abattoir-hollerich-site-urbain-Luxembourg.jpg\",\"width\":1200,\"height\":900,\"caption\":\"Schluechthaus, ancien abattoir \u00e0 Hollerich, un site urbain \u00e0 Luxembourg\"},{\"@type\":\"BreadcrumbList\",\"@id\":\"https:\\\/\\\/www.ballinipitt.lu\\\/de\\\/projekt-schluechthaus-ehemaliger-schlachthof-in-hollerich\\\/#breadcrumb\",\"itemListElement\":[{\"@type\":\"ListItem\",\"position\":1,\"name\":\"BALLINIPITT\",\"item\":\"https:\\\/\\\/www.ballinipitt.lu\\\/de\\\/start\\\/\"},{\"@type\":\"ListItem\",\"position\":2,\"name\":\"Blog\",\"item\":\"https:\\\/\\\/www.ballinipitt.lu\\\/de\\\/category\\\/blog-de\\\/\"},{\"@type\":\"ListItem\",\"position\":3,\"name\":\"Projekt Schluechthaus &#8211; ehemaliger Schlachthof in Hollerich\"}]},{\"@type\":\"WebSite\",\"@id\":\"https:\\\/\\\/www.ballinipitt.lu\\\/de\\\/#website\",\"url\":\"https:\\\/\\\/www.ballinipitt.lu\\\/de\\\/\",\"name\":\"BALLINIPITT architectes urbanistes\",\"description\":\"Bureau d&#039;architecture et d&#039;urbanisme bas\u00e9 au Luxembourg\",\"publisher\":{\"@id\":\"https:\\\/\\\/www.ballinipitt.lu\\\/de\\\/#organization\"},\"potentialAction\":[{\"@type\":\"SearchAction\",\"target\":{\"@type\":\"EntryPoint\",\"urlTemplate\":\"https:\\\/\\\/www.ballinipitt.lu\\\/de\\\/?s={search_term_string}\"},\"query-input\":{\"@type\":\"PropertyValueSpecification\",\"valueRequired\":true,\"valueName\":\"search_term_string\"}}],\"inLanguage\":\"de-DE\"},{\"@type\":\"Organization\",\"@id\":\"https:\\\/\\\/www.ballinipitt.lu\\\/de\\\/#organization\",\"name\":\"BALLINIPITT architectes urbanistes\",\"alternateName\":\"BALLINIPITT\",\"url\":\"https:\\\/\\\/www.ballinipitt.lu\\\/de\\\/\",\"logo\":{\"@type\":\"ImageObject\",\"inLanguage\":\"de-DE\",\"@id\":\"https:\\\/\\\/www.ballinipitt.lu\\\/de\\\/#\\\/schema\\\/logo\\\/image\\\/\",\"url\":\"https:\\\/\\\/www.ballinipitt.lu\\\/wp-content\\\/uploads\\\/2022\\\/05\\\/cropped-BALLINIPITT-architectes-urbanistes-basic-bk-transparent-100x470-1.gif\",\"contentUrl\":\"https:\\\/\\\/www.ballinipitt.lu\\\/wp-content\\\/uploads\\\/2022\\\/05\\\/cropped-BALLINIPITT-architectes-urbanistes-basic-bk-transparent-100x470-1.gif\",\"width\":350,\"height\":100,\"caption\":\"BALLINIPITT architectes urbanistes\"},\"image\":{\"@id\":\"https:\\\/\\\/www.ballinipitt.lu\\\/de\\\/#\\\/schema\\\/logo\\\/image\\\/\"},\"sameAs\":[\"https:\\\/\\\/www.facebook.com\\\/Ballinipitt\",\"https:\\\/\\\/x.com\\\/BALLINIPITT\",\"https:\\\/\\\/www.instagram.com\\\/ballinipitt\",\"https:\\\/\\\/www.linkedin.com\\\/company\\\/ballinipitt-architectes-urbaniste\\\/\"]},{\"@type\":\"Person\",\"@id\":\"https:\\\/\\\/www.ballinipitt.lu\\\/de\\\/#\\\/schema\\\/person\\\/f41b17c894d26d59561e8559cfe20059\",\"name\":\"BALLINIPITT\",\"sameAs\":[\"https:\\\/\\\/www.ballinipitt.lu\",\"https:\\\/\\\/www.facebook.com\\\/ballinipitt\",\"https:\\\/\\\/www.instagram.com\\\/ballinipitt\",\"https:\\\/\\\/www.linkedin.com\\\/company\\\/ballinipitt-architectes-urbanistes\\\/\",\"https:\\\/\\\/x.com\\\/BALLINIPITT\"]}]}<\/script>\n<!-- \/ Yoast SEO Premium plugin. -->","yoast_head_json":{"title":"Projekt Schluechthaus - ehemaliger Schlachthof in Hollerich - BALLINIPITT architectes urbanistes","description":"Unser B\u00fcro geh\u00f6rt zu den sechs erfolgreichen Bewerbern f\u00fcr die Umnutzung des Schluechthaus-Areals, des ehemaligen Schlachthofs in Hollerich.","robots":{"index":"index","follow":"follow","max-snippet":"max-snippet:-1","max-image-preview":"max-image-preview:large","max-video-preview":"max-video-preview:-1"},"canonical":"https:\/\/www.ballinipitt.lu\/de\/projekt-schluechthaus-ehemaliger-schlachthof-in-hollerich\/","og_locale":"de_DE","og_type":"article","og_title":"Projekt Schluechthaus - ehemaliger Schlachthof in Hollerich","og_description":"Blog","og_url":"https:\/\/www.ballinipitt.lu\/de\/projekt-schluechthaus-ehemaliger-schlachthof-in-hollerich\/","og_site_name":"BALLINIPITT architectes urbanistes","article_publisher":"https:\/\/www.facebook.com\/Ballinipitt","article_author":"https:\/\/www.facebook.com\/ballinipitt","article_published_time":"2022-11-25T11:32:48+00:00","article_modified_time":"2022-11-28T08:25:54+00:00","og_image":[{"width":1200,"height":900,"url":"https:\/\/www.ballinipitt.lu\/wp-content\/uploads\/2022\/11\/AI35-schluechthaus-abattoir-hollerich-site-urbain-Luxembourg.jpg","type":"image\/jpeg"}],"author":"BALLINIPITT","twitter_card":"summary_large_image","twitter_creator":"@BALLINIPITT","twitter_site":"@BALLINIPITT","twitter_misc":{"Verfasst von":"BALLINIPITT","Gesch\u00e4tzte Lesezeit":"1 Minute"},"schema":{"@context":"https:\/\/schema.org","@graph":[{"@type":"Article","@id":"https:\/\/www.ballinipitt.lu\/de\/projekt-schluechthaus-ehemaliger-schlachthof-in-hollerich\/#article","isPartOf":{"@id":"https:\/\/www.ballinipitt.lu\/de\/projekt-schluechthaus-ehemaliger-schlachthof-in-hollerich\/"},"author":{"name":"BALLINIPITT","@id":"https:\/\/www.ballinipitt.lu\/de\/#\/schema\/person\/f41b17c894d26d59561e8559cfe20059"},"headline":"Projekt Schluechthaus &#8211; ehemaliger Schlachthof in Hollerich","datePublished":"2022-11-25T11:32:48+00:00","dateModified":"2022-11-28T08:25:54+00:00","mainEntityOfPage":{"@id":"https:\/\/www.ballinipitt.lu\/de\/projekt-schluechthaus-ehemaliger-schlachthof-in-hollerich\/"},"wordCount":115,"publisher":{"@id":"https:\/\/www.ballinipitt.lu\/de\/#organization"},"image":{"@id":"https:\/\/www.ballinipitt.lu\/de\/projekt-schluechthaus-ehemaliger-schlachthof-in-hollerich\/#primaryimage"},"thumbnailUrl":"https:\/\/www.ballinipitt.lu\/wp-content\/uploads\/2022\/11\/AI35-schluechthaus-abattoir-hollerich-site-urbain-Luxembourg.jpg","keywords":["Architektonisches Erbe","Wettbewerb"],"articleSection":["Blog","Nachrichten"],"inLanguage":"de-DE"},{"@type":"WebPage","@id":"https:\/\/www.ballinipitt.lu\/de\/projekt-schluechthaus-ehemaliger-schlachthof-in-hollerich\/","url":"https:\/\/www.ballinipitt.lu\/de\/projekt-schluechthaus-ehemaliger-schlachthof-in-hollerich\/","name":"Projekt Schluechthaus - ehemaliger Schlachthof in Hollerich - BALLINIPITT architectes urbanistes","isPartOf":{"@id":"https:\/\/www.ballinipitt.lu\/de\/#website"},"primaryImageOfPage":{"@id":"https:\/\/www.ballinipitt.lu\/de\/projekt-schluechthaus-ehemaliger-schlachthof-in-hollerich\/#primaryimage"},"image":{"@id":"https:\/\/www.ballinipitt.lu\/de\/projekt-schluechthaus-ehemaliger-schlachthof-in-hollerich\/#primaryimage"},"thumbnailUrl":"https:\/\/www.ballinipitt.lu\/wp-content\/uploads\/2022\/11\/AI35-schluechthaus-abattoir-hollerich-site-urbain-Luxembourg.jpg","datePublished":"2022-11-25T11:32:48+00:00","dateModified":"2022-11-28T08:25:54+00:00","description":"Unser B\u00fcro geh\u00f6rt zu den sechs erfolgreichen Bewerbern f\u00fcr die Umnutzung des Schluechthaus-Areals, des ehemaligen Schlachthofs in Hollerich.","breadcrumb":{"@id":"https:\/\/www.ballinipitt.lu\/de\/projekt-schluechthaus-ehemaliger-schlachthof-in-hollerich\/#breadcrumb"},"inLanguage":"de-DE","potentialAction":[{"@type":"ReadAction","target":["https:\/\/www.ballinipitt.lu\/de\/projekt-schluechthaus-ehemaliger-schlachthof-in-hollerich\/"]}]},{"@type":"ImageObject","inLanguage":"de-DE","@id":"https:\/\/www.ballinipitt.lu\/de\/projekt-schluechthaus-ehemaliger-schlachthof-in-hollerich\/#primaryimage","url":"https:\/\/www.ballinipitt.lu\/wp-content\/uploads\/2022\/11\/AI35-schluechthaus-abattoir-hollerich-site-urbain-Luxembourg.jpg","contentUrl":"https:\/\/www.ballinipitt.lu\/wp-content\/uploads\/2022\/11\/AI35-schluechthaus-abattoir-hollerich-site-urbain-Luxembourg.jpg","width":1200,"height":900,"caption":"Schluechthaus, ancien abattoir \u00e0 Hollerich, un site urbain \u00e0 Luxembourg"},{"@type":"BreadcrumbList","@id":"https:\/\/www.ballinipitt.lu\/de\/projekt-schluechthaus-ehemaliger-schlachthof-in-hollerich\/#breadcrumb","itemListElement":[{"@type":"ListItem","position":1,"name":"BALLINIPITT","item":"https:\/\/www.ballinipitt.lu\/de\/start\/"},{"@type":"ListItem","position":2,"name":"Blog","item":"https:\/\/www.ballinipitt.lu\/de\/category\/blog-de\/"},{"@type":"ListItem","position":3,"name":"Projekt Schluechthaus &#8211; ehemaliger Schlachthof in Hollerich"}]},{"@type":"WebSite","@id":"https:\/\/www.ballinipitt.lu\/de\/#website","url":"https:\/\/www.ballinipitt.lu\/de\/","name":"BALLINIPITT architectes urbanistes","description":"Bureau d&#039;architecture et d&#039;urbanisme bas\u00e9 au Luxembourg","publisher":{"@id":"https:\/\/www.ballinipitt.lu\/de\/#organization"},"potentialAction":[{"@type":"SearchAction","target":{"@type":"EntryPoint","urlTemplate":"https:\/\/www.ballinipitt.lu\/de\/?s={search_term_string}"},"query-input":{"@type":"PropertyValueSpecification","valueRequired":true,"valueName":"search_term_string"}}],"inLanguage":"de-DE"},{"@type":"Organization","@id":"https:\/\/www.ballinipitt.lu\/de\/#organization","name":"BALLINIPITT architectes urbanistes","alternateName":"BALLINIPITT","url":"https:\/\/www.ballinipitt.lu\/de\/","logo":{"@type":"ImageObject","inLanguage":"de-DE","@id":"https:\/\/www.ballinipitt.lu\/de\/#\/schema\/logo\/image\/","url":"https:\/\/www.ballinipitt.lu\/wp-content\/uploads\/2022\/05\/cropped-BALLINIPITT-architectes-urbanistes-basic-bk-transparent-100x470-1.gif","contentUrl":"https:\/\/www.ballinipitt.lu\/wp-content\/uploads\/2022\/05\/cropped-BALLINIPITT-architectes-urbanistes-basic-bk-transparent-100x470-1.gif","width":350,"height":100,"caption":"BALLINIPITT architectes urbanistes"},"image":{"@id":"https:\/\/www.ballinipitt.lu\/de\/#\/schema\/logo\/image\/"},"sameAs":["https:\/\/www.facebook.com\/Ballinipitt","https:\/\/x.com\/BALLINIPITT","https:\/\/www.instagram.com\/ballinipitt","https:\/\/www.linkedin.com\/company\/ballinipitt-architectes-urbaniste\/"]},{"@type":"Person","@id":"https:\/\/www.ballinipitt.lu\/de\/#\/schema\/person\/f41b17c894d26d59561e8559cfe20059","name":"BALLINIPITT","sameAs":["https:\/\/www.ballinipitt.lu","https:\/\/www.facebook.com\/ballinipitt","https:\/\/www.instagram.com\/ballinipitt","https:\/\/www.linkedin.com\/company\/ballinipitt-architectes-urbanistes\/","https:\/\/x.com\/BALLINIPITT"]}]}},"_links":{"self":[{"href":"https:\/\/www.ballinipitt.lu\/de\/wp-json\/wp\/v2\/posts\/4893","targetHints":{"allow":["GET"]}}],"collection":[{"href":"https:\/\/www.ballinipitt.lu\/de\/wp-json\/wp\/v2\/posts"}],"about":[{"href":"https:\/\/www.ballinipitt.lu\/de\/wp-json\/wp\/v2\/types\/post"}],"author":[{"embeddable":true,"href":"https:\/\/www.ballinipitt.lu\/de\/wp-json\/wp\/v2\/users\/1"}],"replies":[{"embeddable":true,"href":"https:\/\/www.ballinipitt.lu\/de\/wp-json\/wp\/v2\/comments?post=4893"}],"version-history":[{"count":2,"href":"https:\/\/www.ballinipitt.lu\/de\/wp-json\/wp\/v2\/posts\/4893\/revisions"}],"predecessor-version":[{"id":4895,"href":"https:\/\/www.ballinipitt.lu\/de\/wp-json\/wp\/v2\/posts\/4893\/revisions\/4895"}],"wp:featuredmedia":[{"embeddable":true,"href":"https:\/\/www.ballinipitt.lu\/de\/wp-json\/wp\/v2\/media\/4888"}],"wp:attachment":[{"href":"https:\/\/www.ballinipitt.lu\/de\/wp-json\/wp\/v2\/media?parent=4893"}],"wp:term":[{"taxonomy":"category","embeddable":true,"href":"https:\/\/www.ballinipitt.lu\/de\/wp-json\/wp\/v2\/categories?post=4893"},{"taxonomy":"post_tag","embeddable":true,"href":"https:\/\/www.ballinipitt.lu\/de\/wp-json\/wp\/v2\/tags?post=4893"}],"curies":[{"name":"wp","href":"https:\/\/api.w.org\/{rel}","templated":true}]}}