{"id":2630,"date":"2022-06-01T08:57:00","date_gmt":"2022-06-01T07:57:00","guid":{"rendered":"https:\/\/www.ballinipitt.com\/ai08-esm-kirchberg\/"},"modified":"2024-04-19T11:09:24","modified_gmt":"2024-04-19T10:09:24","slug":"ai08-esm-kirchberg","status":"publish","type":"post","link":"https:\/\/www.ballinipitt.lu\/de\/ai08-esm-kirchberg\/","title":{"rendered":"ESM Kirchberg"},"content":{"rendered":"\t\t<div data-elementor-type=\"wp-post\" data-elementor-id=\"2630\" class=\"elementor elementor-2630 elementor-2369\" data-elementor-settings=\"{&quot;scroll_snap&quot;:&quot;yes&quot;}\" data-elementor-post-type=\"post\">\n\t\t\t\t\t\t<section class=\"elementor-section elementor-top-section elementor-element elementor-element-6d663835 elementor-section-boxed elementor-section-height-default elementor-section-height-default\" data-id=\"6d663835\" data-element_type=\"section\" data-e-type=\"section\">\n\t\t\t\t\t\t<div class=\"elementor-container elementor-column-gap-default\">\n\t\t\t\t\t<div class=\"elementor-column elementor-col-100 elementor-top-column elementor-element elementor-element-25a9b497\" data-id=\"25a9b497\" data-element_type=\"column\" data-e-type=\"column\">\n\t\t\t<div class=\"elementor-widget-wrap elementor-element-populated\">\n\t\t\t\t\t\t<div class=\"elementor-element elementor-element-653d524 elementor-widget elementor-widget-spacer\" data-id=\"653d524\" data-element_type=\"widget\" data-e-type=\"widget\" data-widget_type=\"spacer.default\">\n\t\t\t\t<div class=\"elementor-widget-container\">\n\t\t\t\t\t\t\t<div class=\"elementor-spacer\">\n\t\t\t<div class=\"elementor-spacer-inner\"><\/div>\n\t\t<\/div>\n\t\t\t\t\t\t<\/div>\n\t\t\t\t<\/div>\n\t\t\t\t\t<\/div>\n\t\t<\/div>\n\t\t\t\t\t<\/div>\n\t\t<\/section>\n\t\t\t\t<section class=\"elementor-section elementor-top-section elementor-element elementor-element-4a828dc5 elementor-section-boxed elementor-section-height-default elementor-section-height-default\" data-id=\"4a828dc5\" data-element_type=\"section\" data-e-type=\"section\">\n\t\t\t\t\t\t<div class=\"elementor-container elementor-column-gap-default\">\n\t\t\t\t\t<div class=\"elementor-column elementor-col-100 elementor-top-column elementor-element elementor-element-4f0fb544\" data-id=\"4f0fb544\" data-element_type=\"column\" data-e-type=\"column\">\n\t\t\t<div class=\"elementor-widget-wrap elementor-element-populated\">\n\t\t\t\t\t\t<div class=\"elementor-element elementor-element-2c08d53 elementor-arrows-position-inside elementor-pagination-position-outside elementor-widget elementor-widget-image-carousel\" data-id=\"2c08d53\" data-element_type=\"widget\" data-e-type=\"widget\" data-settings=\"{&quot;slides_to_show&quot;:&quot;1&quot;,&quot;effect&quot;:&quot;fade&quot;,&quot;navigation&quot;:&quot;both&quot;,&quot;autoplay&quot;:&quot;yes&quot;,&quot;pause_on_hover&quot;:&quot;yes&quot;,&quot;pause_on_interaction&quot;:&quot;yes&quot;,&quot;autoplay_speed&quot;:5000,&quot;infinite&quot;:&quot;yes&quot;,&quot;speed&quot;:500}\" data-widget_type=\"image-carousel.default\">\n\t\t\t\t<div class=\"elementor-widget-container\">\n\t\t\t\t\t\t\t<div class=\"elementor-image-carousel-wrapper swiper\" role=\"region\" aria-roledescription=\"carousel\" aria-label=\"Bild Karussell\" dir=\"ltr\">\n\t\t\t<div class=\"elementor-image-carousel swiper-wrapper\" aria-live=\"off\">\n\t\t\t\t\t\t\t\t<div class=\"swiper-slide\" role=\"group\" aria-roledescription=\"slide\" aria-label=\"1 von 9\"><a data-elementor-open-lightbox=\"yes\" data-elementor-lightbox-slideshow=\"2c08d53\" data-elementor-lightbox-title=\"Cradle-to-cradle und nachhaltiger B\u00fcrokomplex in Kirchberg\" data-e-action-hash=\"#elementor-action%3Aaction%3Dlightbox%26settings%3DeyJpZCI6MjM2OCwidXJsIjoiaHR0cHM6XC9cL3d3dy5iYWxsaW5pcGl0dC5sdVwvd3AtY29udGVudFwvdXBsb2Fkc1wvMjAyMlwvMDZcL0FJMDgtRVNNLUtpcmNoYmVyZy1idXJlYXV4LXF1YXJ0aWVyLXVyYmFuaXNtZS1kdXJhYmxlLWNyYWRsZS10by1jcmFkbGUtdG9pdC12ZWdldGFsaXNlLXdlYi5qcGciLCJzbGlkZXNob3ciOiIyYzA4ZDUzIn0%3D\" href=\"https:\/\/www.ballinipitt.lu\/wp-content\/uploads\/2022\/06\/AI08-ESM-Kirchberg-bureaux-quartier-urbanisme-durable-cradle-to-cradle-toit-vegetalise-web.jpg\"><figure class=\"swiper-slide-inner\"><img decoding=\"async\" class=\"swiper-slide-image\" src=\"https:\/\/www.ballinipitt.lu\/wp-content\/uploads\/2022\/06\/AI08-ESM-Kirchberg-bureaux-quartier-urbanisme-durable-cradle-to-cradle-toit-vegetalise-web-768x432.jpg\" alt=\"Innovativer und nachhaltiger B\u00fcrokomplex in Kirchberg\" \/><\/figure><\/a><\/div><div class=\"swiper-slide\" role=\"group\" aria-roledescription=\"slide\" aria-label=\"2 von 9\"><a data-elementor-open-lightbox=\"yes\" data-elementor-lightbox-slideshow=\"2c08d53\" data-elementor-lightbox-title=\"Cradle-to-cradle und nachhaltiger B\u00fcrokomplex in Kirchberg\" data-e-action-hash=\"#elementor-action%3Aaction%3Dlightbox%26settings%3DeyJpZCI6MjM2NSwidXJsIjoiaHR0cHM6XC9cL3d3dy5iYWxsaW5pcGl0dC5sdVwvd3AtY29udGVudFwvdXBsb2Fkc1wvMjAyMlwvMDZcL0FJMDgtRVNNLUtpcmNoYmVyZy1idXJlYXV4LXF1YXJ0aWVyLXVyYmFuaXNtZS1kdXJhYmxlLWNyYWRsZS10by1jcmFkbGUtMi13ZWIuanBnIiwic2xpZGVzaG93IjoiMmMwOGQ1MyJ9\" href=\"https:\/\/www.ballinipitt.lu\/wp-content\/uploads\/2022\/06\/AI08-ESM-Kirchberg-bureaux-quartier-urbanisme-durable-cradle-to-cradle-2-web.jpg\"><figure class=\"swiper-slide-inner\"><img decoding=\"async\" class=\"swiper-slide-image\" src=\"https:\/\/www.ballinipitt.lu\/wp-content\/uploads\/2022\/06\/AI08-ESM-Kirchberg-bureaux-quartier-urbanisme-durable-cradle-to-cradle-2-web-768x432.jpg\" alt=\"Innovativer und nachhaltiger B\u00fcrokomplex in Kirchberg\" \/><\/figure><\/a><\/div><div class=\"swiper-slide\" role=\"group\" aria-roledescription=\"slide\" aria-label=\"3 von 9\"><a data-elementor-open-lightbox=\"yes\" data-elementor-lightbox-slideshow=\"2c08d53\" data-elementor-lightbox-title=\"Cradle-to-cradle und nachhaltiger B\u00fcrokomplex in Kirchberg\" data-e-action-hash=\"#elementor-action%3Aaction%3Dlightbox%26settings%3DeyJpZCI6MjM2MiwidXJsIjoiaHR0cHM6XC9cL3d3dy5iYWxsaW5pcGl0dC5sdVwvd3AtY29udGVudFwvdXBsb2Fkc1wvMjAyMlwvMDZcL0FJMDgtRVNNLUtpcmNoYmVyZy1idXJlYXV4LXF1YXJ0aWVyLXVyYmFuaXNtZS1kdXJhYmxlLWNyYWRsZS10by1jcmFkbGUtMS13ZWIuanBnIiwic2xpZGVzaG93IjoiMmMwOGQ1MyJ9\" href=\"https:\/\/www.ballinipitt.lu\/wp-content\/uploads\/2022\/06\/AI08-ESM-Kirchberg-bureaux-quartier-urbanisme-durable-cradle-to-cradle-1-web.jpg\"><figure class=\"swiper-slide-inner\"><img decoding=\"async\" class=\"swiper-slide-image\" src=\"https:\/\/www.ballinipitt.lu\/wp-content\/uploads\/2022\/06\/AI08-ESM-Kirchberg-bureaux-quartier-urbanisme-durable-cradle-to-cradle-1-web-768x432.jpg\" alt=\"Innovativer und nachhaltiger B\u00fcrokomplex in Kirchberg\" \/><\/figure><\/a><\/div><div class=\"swiper-slide\" role=\"group\" aria-roledescription=\"slide\" aria-label=\"4 von 9\"><a data-elementor-open-lightbox=\"yes\" data-elementor-lightbox-slideshow=\"2c08d53\" data-elementor-lightbox-title=\"Plan des in das Europaviertel eingef\u00fcgten B\u00fcrokomplexes auf dem Kirchberg\" data-e-action-hash=\"#elementor-action%3Aaction%3Dlightbox%26settings%3DeyJpZCI6MjM1OSwidXJsIjoiaHR0cHM6XC9cL3d3dy5iYWxsaW5pcGl0dC5sdVwvd3AtY29udGVudFwvdXBsb2Fkc1wvMjAyMlwvMDZcL0FJMDgtRVNNLUZsb29yLVBsYW5zLXdlYi5qcGciLCJzbGlkZXNob3ciOiIyYzA4ZDUzIn0%3D\" href=\"https:\/\/www.ballinipitt.lu\/wp-content\/uploads\/2022\/06\/AI08-ESM-Floor-Plans-web.jpg\"><figure class=\"swiper-slide-inner\"><img decoding=\"async\" class=\"swiper-slide-image\" src=\"https:\/\/www.ballinipitt.lu\/wp-content\/uploads\/2022\/06\/AI08-ESM-Floor-Plans-web-768x538.jpg\" alt=\"Plan des in das Europaviertel eingef\u00fcgten B\u00fcrokomplexes auf dem Kirchberg\" \/><\/figure><\/a><\/div><div class=\"swiper-slide\" role=\"group\" aria-roledescription=\"slide\" aria-label=\"5 von 9\"><a data-elementor-open-lightbox=\"yes\" data-elementor-lightbox-slideshow=\"2c08d53\" data-elementor-lightbox-title=\"Plan des in das Europaviertel eingef\u00fcgten B\u00fcrokomplexes auf dem Kirchberg\" data-e-action-hash=\"#elementor-action%3Aaction%3Dlightbox%26settings%3DeyJpZCI6MjM1NiwidXJsIjoiaHR0cHM6XC9cL3d3dy5iYWxsaW5pcGl0dC5sdVwvd3AtY29udGVudFwvdXBsb2Fkc1wvMjAyMlwvMDZcL0FJMDgtRVNNLUZsb29yLVBsYW5zLTItd2ViLmpwZyIsInNsaWRlc2hvdyI6IjJjMDhkNTMifQ%3D%3D\" href=\"https:\/\/www.ballinipitt.lu\/wp-content\/uploads\/2022\/06\/AI08-ESM-Floor-Plans-2-web.jpg\"><figure class=\"swiper-slide-inner\"><img decoding=\"async\" class=\"swiper-slide-image\" src=\"https:\/\/www.ballinipitt.lu\/wp-content\/uploads\/2022\/06\/AI08-ESM-Floor-Plans-2-web-768x538.jpg\" alt=\"Plan des in das Europaviertel eingef\u00fcgten B\u00fcrokomplexes auf dem Kirchberg\" \/><\/figure><\/a><\/div><div class=\"swiper-slide\" role=\"group\" aria-roledescription=\"slide\" aria-label=\"6 von 9\"><a data-elementor-open-lightbox=\"yes\" data-elementor-lightbox-slideshow=\"2c08d53\" data-elementor-lightbox-title=\"B\u00fcrogeb\u00e4ude - st\u00e4dtebaulicher Wettbewerb - Schnitt\" data-e-action-hash=\"#elementor-action%3Aaction%3Dlightbox%26settings%3DeyJpZCI6MjM1MywidXJsIjoiaHR0cHM6XC9cL3d3dy5iYWxsaW5pcGl0dC5sdVwvd3AtY29udGVudFwvdXBsb2Fkc1wvMjAyMlwvMDZcL0FJMDgtRVNNLUVsZXZhdGlvbnNfTm9yZC13ZWIuanBnIiwic2xpZGVzaG93IjoiMmMwOGQ1MyJ9\" href=\"https:\/\/www.ballinipitt.lu\/wp-content\/uploads\/2022\/06\/AI08-ESM-Elevations_Nord-web.jpg\"><figure class=\"swiper-slide-inner\"><img decoding=\"async\" class=\"swiper-slide-image\" src=\"https:\/\/www.ballinipitt.lu\/wp-content\/uploads\/2022\/06\/AI08-ESM-Elevations_Nord-web-768x423.jpg\" alt=\"Schnitt durch die B\u00fcrogeb\u00e4ude im Europaviertel auf dem Kirchberg\" \/><\/figure><\/a><\/div><div class=\"swiper-slide\" role=\"group\" aria-roledescription=\"slide\" aria-label=\"7 von 9\"><a data-elementor-open-lightbox=\"yes\" data-elementor-lightbox-slideshow=\"2c08d53\" data-e-action-hash=\"#elementor-action%3Aaction%3Dlightbox%26settings%3DeyJpZCI6NTg3NiwidXJsIjoiaHR0cHM6XC9cL3d3dy5iYWxsaW5pcGl0dC5sdVwvd3AtY29udGVudFwvdXBsb2Fkc1wvMjAyNFwvMDRcL0VTTS1LaXJjaGJlcmctYnVyZWF1eC1xdWFydGllci11cmJhbmlzbWUtZHVyYWJsZS1jcmFkbGUtdG8tY3JhZGxlLXJvb2Z0b3BzLmpwZyIsInNsaWRlc2hvdyI6IjJjMDhkNTMifQ%3D%3D\" href=\"https:\/\/www.ballinipitt.lu\/wp-content\/uploads\/2024\/04\/ESM-Kirchberg-bureaux-quartier-urbanisme-durable-cradle-to-cradle-rooftops.jpg\"><figure class=\"swiper-slide-inner\"><img decoding=\"async\" class=\"swiper-slide-image\" src=\"https:\/\/www.ballinipitt.lu\/wp-content\/uploads\/2024\/04\/ESM-Kirchberg-bureaux-quartier-urbanisme-durable-cradle-to-cradle-rooftops-768x543.jpg\" alt=\"ESM-Kirchberg-bureaux-quartier-urbanisme-durable-cradle-to-cradle-rooftops\" \/><\/figure><\/a><\/div><div class=\"swiper-slide\" role=\"group\" aria-roledescription=\"slide\" aria-label=\"8 von 9\"><a data-elementor-open-lightbox=\"yes\" data-elementor-lightbox-slideshow=\"2c08d53\" data-e-action-hash=\"#elementor-action%3Aaction%3Dlightbox%26settings%3DeyJpZCI6NTg3MywidXJsIjoiaHR0cHM6XC9cL3d3dy5iYWxsaW5pcGl0dC5sdVwvd3AtY29udGVudFwvdXBsb2Fkc1wvMjAyNFwvMDRcL0VTTS1LaXJjaGJlcmctYnVyZWF1eC1xdWFydGllci11cmJhbmlzbWUtZHVyYWJsZS1jcmFkbGUtdG8tY3JhZGxlLWxhbmRzY2FwZS1jYW55b24tZm9yZXN0LmpwZyIsInNsaWRlc2hvdyI6IjJjMDhkNTMifQ%3D%3D\" href=\"https:\/\/www.ballinipitt.lu\/wp-content\/uploads\/2024\/04\/ESM-Kirchberg-bureaux-quartier-urbanisme-durable-cradle-to-cradle-landscape-canyon-forest.jpg\"><figure class=\"swiper-slide-inner\"><img decoding=\"async\" class=\"swiper-slide-image\" src=\"https:\/\/www.ballinipitt.lu\/wp-content\/uploads\/2024\/04\/ESM-Kirchberg-bureaux-quartier-urbanisme-durable-cradle-to-cradle-landscape-canyon-forest-768x543.jpg\" alt=\"ESM-Kirchberg-bureaux-quartier-urbanisme-durable-cradle-to-cradle-landscape-canyon-forest\" \/><\/figure><\/a><\/div><div class=\"swiper-slide\" role=\"group\" aria-roledescription=\"slide\" aria-label=\"9 von 9\"><a data-elementor-open-lightbox=\"yes\" data-elementor-lightbox-slideshow=\"2c08d53\" data-e-action-hash=\"#elementor-action%3Aaction%3Dlightbox%26settings%3DeyJpZCI6NTg3MCwidXJsIjoiaHR0cHM6XC9cL3d3dy5iYWxsaW5pcGl0dC5sdVwvd3AtY29udGVudFwvdXBsb2Fkc1wvMjAyNFwvMDRcL0VTTS1LaXJjaGJlcmctYnVyZWF1eC1xdWFydGllci11cmJhbmlzbWUtZHVyYWJsZS1jcmFkbGUtdG8tY3JhZGxlLWVuY2xvc2VkLWdhcmRlbnMuanBnIiwic2xpZGVzaG93IjoiMmMwOGQ1MyJ9\" href=\"https:\/\/www.ballinipitt.lu\/wp-content\/uploads\/2024\/04\/ESM-Kirchberg-bureaux-quartier-urbanisme-durable-cradle-to-cradle-enclosed-gardens.jpg\"><figure class=\"swiper-slide-inner\"><img decoding=\"async\" class=\"swiper-slide-image\" src=\"https:\/\/www.ballinipitt.lu\/wp-content\/uploads\/2024\/04\/ESM-Kirchberg-bureaux-quartier-urbanisme-durable-cradle-to-cradle-enclosed-gardens-768x543.jpg\" alt=\"ESM-Kirchberg-bureaux-quartier-urbanisme-durable-cradle-to-cradle-enclosed-gardens\" \/><\/figure><\/a><\/div>\t\t\t<\/div>\n\t\t\t\t\t\t\t\t\t\t\t\t<div class=\"elementor-swiper-button elementor-swiper-button-prev\" role=\"button\" tabindex=\"0\">\n\t\t\t\t\t\t<i aria-hidden=\"true\" class=\"eicon-chevron-left\"><\/i>\t\t\t\t\t<\/div>\n\t\t\t\t\t<div class=\"elementor-swiper-button elementor-swiper-button-next\" role=\"button\" tabindex=\"0\">\n\t\t\t\t\t\t<i aria-hidden=\"true\" class=\"eicon-chevron-right\"><\/i>\t\t\t\t\t<\/div>\n\t\t\t\t\n\t\t\t\t\t\t\t\t\t<div class=\"swiper-pagination\"><\/div>\n\t\t\t\t\t\t\t\t\t<\/div>\n\t\t\t\t\t\t<\/div>\n\t\t\t\t<\/div>\n\t\t\t\t\t<\/div>\n\t\t<\/div>\n\t\t\t\t\t<\/div>\n\t\t<\/section>\n\t\t\t\t<section class=\"elementor-section elementor-top-section elementor-element elementor-element-454b035c elementor-section-boxed elementor-section-height-default elementor-section-height-default\" data-id=\"454b035c\" data-element_type=\"section\" data-e-type=\"section\">\n\t\t\t\t\t\t<div class=\"elementor-container elementor-column-gap-default\">\n\t\t\t\t\t<div class=\"elementor-column elementor-col-100 elementor-top-column elementor-element elementor-element-60d2d1b0\" data-id=\"60d2d1b0\" data-element_type=\"column\" data-e-type=\"column\">\n\t\t\t<div class=\"elementor-widget-wrap elementor-element-populated\">\n\t\t\t\t\t\t<div class=\"elementor-element elementor-element-52fe6c7f elementor-widget elementor-widget-breadcrumbs\" data-id=\"52fe6c7f\" data-element_type=\"widget\" data-e-type=\"widget\" data-widget_type=\"breadcrumbs.default\">\n\t\t\t\t<div class=\"elementor-widget-container\">\n\t\t\t\t\t<p id=\"breadcrumbs\"><span><span><a href=\"https:\/\/www.ballinipitt.lu\/de\/start\/\">BALLINIPITT<\/a><\/span><\/span><\/p>\t\t\t\t<\/div>\n\t\t\t\t<\/div>\n\t\t\t\t\t<\/div>\n\t\t<\/div>\n\t\t\t\t\t<\/div>\n\t\t<\/section>\n\t\t\t\t<section class=\"elementor-section elementor-top-section elementor-element elementor-element-5b49cd06 elementor-section-boxed elementor-section-height-default elementor-section-height-default\" data-id=\"5b49cd06\" data-element_type=\"section\" data-e-type=\"section\">\n\t\t\t\t\t\t<div class=\"elementor-container elementor-column-gap-default\">\n\t\t\t\t\t<div class=\"elementor-column elementor-col-100 elementor-top-column elementor-element elementor-element-29a02dc4\" data-id=\"29a02dc4\" data-element_type=\"column\" data-e-type=\"column\">\n\t\t\t<div class=\"elementor-widget-wrap elementor-element-populated\">\n\t\t\t\t\t\t<div class=\"elementor-element elementor-element-4c11396 elementor-widget elementor-widget-heading\" data-id=\"4c11396\" data-element_type=\"widget\" data-e-type=\"widget\" data-widget_type=\"heading.default\">\n\t\t\t\t<div class=\"elementor-widget-container\">\n\t\t\t\t\t<h1 class=\"elementor-heading-title elementor-size-default\">ESM Kirchberg<\/h1>\t\t\t\t<\/div>\n\t\t\t\t<\/div>\n\t\t\t\t<div class=\"elementor-element elementor-element-33a3f4df elementor-widget elementor-widget-theme-post-excerpt\" data-id=\"33a3f4df\" data-element_type=\"widget\" data-e-type=\"widget\" data-widget_type=\"theme-post-excerpt.default\">\n\t\t\t\t<div class=\"elementor-widget-container\">\n\t\t\t\t\tDieses Projekt wurde beim Architekturwettbewerb f\u00fcr einen innovativen und nachhaltigen B\u00fcrokomplex auf dem Kirchberg-Plateau eingereicht.\t\t\t\t<\/div>\n\t\t\t\t<\/div>\n\t\t\t\t\t<\/div>\n\t\t<\/div>\n\t\t\t\t\t<\/div>\n\t\t<\/section>\n\t\t\t\t<section class=\"elementor-section elementor-top-section elementor-element elementor-element-27e7db85 elementor-section-boxed elementor-section-height-default elementor-section-height-default\" data-id=\"27e7db85\" data-element_type=\"section\" data-e-type=\"section\">\n\t\t\t\t\t\t<div class=\"elementor-container elementor-column-gap-default\">\n\t\t\t\t\t<div class=\"elementor-column elementor-col-100 elementor-top-column elementor-element elementor-element-226685d7\" data-id=\"226685d7\" data-element_type=\"column\" data-e-type=\"column\">\n\t\t\t<div class=\"elementor-widget-wrap elementor-element-populated\">\n\t\t\t\t\t\t<div class=\"elementor-element elementor-element-2f0969f9 elementor-widget elementor-widget-text-editor\" data-id=\"2f0969f9\" data-element_type=\"widget\" data-e-type=\"widget\" data-widget_type=\"text-editor.default\">\n\t\t\t\t<div class=\"elementor-widget-container\">\n\t\t\t\t\t\t\t\t\t<p>Das Ministerium f\u00fcr Mobilit\u00e4t und \u00f6ffentliche Arbeiten plant den Bau eines innovativen und nachhaltigen B\u00fcrokomplexes im Europaviertel auf dem Kirchberg-Plateau. Der Europ\u00e4ische Stabilit\u00e4tsmechanismus (ESM) wurde als Hauptnutzer der B\u00fcror\u00e4ume ausgew\u00e4hlt, die er sich mit den Verwaltungseinheiten des luxemburgischen Staates teilen wird.<\/p>\n<p>Das Projekt entspricht den Zielen f\u00fcr die Zukunft des Europaviertels S\u00fcd: Verbesserung der Aufenthaltsqualit\u00e4t durch die (Wieder-)Einf\u00fchrung des menschlichen Ma\u00dfstabs, F\u00f6rderung der sanften Mobilit\u00e4t, Ausbau des Radwegenetzes, Verbesserung des Parksystems und bessere, gr\u00fcnere und nachhaltigere Nutzung der derzeit ungenutzten Fl\u00e4chen entlang der gro\u00dfen Boulevards.<\/p>\n<p>Zusammen mit UNStudio planten wir drei Hauptgeb\u00e4ude: ESM HQ, ein Geb\u00e4ude f\u00fcr den luxemburgischen Staat und das &#8222;Luxembourg&#8220;-Geb\u00e4ude. Sie wurden sorgf\u00e4ltig auf dem Gel\u00e4nde positioniert, um ausreichende Abst\u00e4nde zu den Grenzen des Gel\u00e4ndes zu gew\u00e4hrleisten.<\/p>\n<p>Der Standort verf\u00fcgt \u00fcber mehrere offene, zug\u00e4ngliche und gr\u00fcne \u00f6ffentliche R\u00e4ume. Drei Pl\u00e4tze und zwei gro\u00dfe H\u00f6fe sind visuell, aber auch physisch durch Treppen und Rampen miteinander verbunden.<\/p>\n<p>Auf dem ersten Platz &#8211; &#8222;Place de l&#8217;eau&#8220; &#8211; im S\u00fcdwesten wurden Wasserspiele und \u00f6ffentliche B\u00e4nke geplant. Sie wird zum Sicherheitstor f\u00fcr den Sitz der ESM und das &#8222;Luxemburg&#8220;-Geb\u00e4ude.<\/p>\n<p>Auf der anderen Seite, im nord\u00f6stlichen Bereich des Gel\u00e4ndes, bietet die &#8222;Food Plaza&#8220; inmitten eines Mikrowaldes mit zahlreichen Tier- und Pflanzenarten gastronomische Erlebnisse mit Foodtrucks, Essensst\u00e4nden und einem Restaurant mit einer Terrasse. Der Eingangshof der ESM, der teilweise als st\u00e4dtisches Gew\u00e4chshaus genutzt wird, ist von hier aus sichtbar und schafft einen Zugang f\u00fcr die Mitarbeiter.<\/p>\n<p>Ein sanft ansteigender Weg unter B\u00e4umen f\u00fchrt zum dritten Platz &#8211; dem &#8222;S\u00fcdplatz&#8220;, der sich im zentralen Bereich des Grundst\u00fccks befindet. Seine Hauptaufgabe besteht darin, Passanten, Angestellte und Besucher in das Kirchberg-Tal zu locken. Dieser Platz ist direkt mit dem Innenhof verbunden, mit Gr\u00fcnfl\u00e4chen und Platz f\u00fcr Sport im Freien. Von dort aus kann man das Geb\u00e4ude des luxemburgischen Staates sowie den Fitnessbereich und das Restaurant erreichen.<\/p>\n<p>All diese sorgf\u00e4ltig gestalteten und programmierten offenen Parkbereiche beeinflussen die Umgebung des Standorts positiv. Die reiche Ausstattung und die Vielfalt der Nutzungen und Aktivit\u00e4ten im Freien bilden eine hervorragende Grundlage f\u00fcr die gew\u00fcnschte \u00f6ffentliche Regeneration des Kirchberg-Plateaus.<\/p>\n<p>Das &#8222;Vall\u00e9e du Kirchberg&#8220; ist ein hochmoderner B\u00fcrocampus, der eine lebendige Umgebung f\u00fcr die Angestellten, aber auch f\u00fcr die \u00d6ffentlichkeit schaffen soll: Besucher, Nachbarn und Grenzg\u00e4nger, die jeden Tag nach Kirchberg kommen, um dort zu arbeiten. Es ist ein Arbeitsplatz, bei dem der Mensch im Mittelpunkt steht, der den heutigen und zuk\u00fcnftigen Anforderungen entspricht und der die Rue Alcide de Gasperi mit der Rue Antoine de Saint-Exup\u00e9ry durch seine erh\u00f6hte Durchl\u00e4ssigkeit und mehrere integrierte \u00f6ffentliche Fu\u00dfg\u00e4ngerwege verbindet.<\/p>\n<p>Alle drei Geb\u00e4ude folgen den gleichen Designprinzipien und k\u00f6nnen das gleiche Programm und die gleichen Layouts aufnehmen, egal ob es sich um Zellen- oder Gro\u00dfraumb\u00fcros oder eine Mischung aus beidem handelt. R\u00e4ume k\u00f6nnen sich durch eine flexible und belastbare Gestaltung an Ver\u00e4nderungen des Arbeitsstils, Neuorganisation und Funktionswechsel anpassen.<\/p>\n<p>Der Cradle-to-Cradle-Ansatz zeigt sich in standardisierten Bauelementen mit gleicher H\u00f6he f\u00fcr die Trennw\u00e4nde in allen drei Geb\u00e4uden. Identische Komponenten k\u00f6nnen wieder zusammengebaut und wiederverwendet werden, um sich an verschiedene B\u00fcro- und Besprechungsraumkonfigurationen anzupassen, ohne dass komplizierte \u00c4nderungen am Heizungs-, K\u00fchlungs- oder Bel\u00fcftungssystem vorgenommen werden m\u00fcssen. Die Komponenten werden nach ihren Nutzungszyklen organisiert.<\/p>\n<p>Das Konzept des Arbeitsplatzes basiert auf Modularit\u00e4t und Standardisierung, ebenfalls mit einem hohen Grad an Flexibilit\u00e4t. Unser Ziel ist es, eine offene und kreative Atmosph\u00e4re mit einer Vielzahl von Arbeits- und Sozialr\u00e4umen zu schaffen, um die Interaktion, Kommunikation und den Austausch zwischen verschiedenen Teams oder Abteilungen zu f\u00f6rdern.<\/p>\n<p>Die D\u00e4cher der Geb\u00e4ude werden gr\u00fcn und f\u00fcr die Besch\u00e4ftigten zug\u00e4nglich sein. Niedrigere D\u00e4cher werden die Innenr\u00e4ume der B\u00fcros mit den Gr\u00fcnfl\u00e4chen im Freien und den gemeinschaftlichen Lebensmittelg\u00e4rten verbinden.<\/p>\n\t\t\t\t\t\t\t\t<\/div>\n\t\t\t\t<\/div>\n\t\t\t\t\t<\/div>\n\t\t<\/div>\n\t\t\t\t\t<\/div>\n\t\t<\/section>\n\t\t\t\t<section class=\"elementor-section elementor-top-section elementor-element elementor-element-628d5f3d elementor-section-boxed elementor-section-height-default elementor-section-height-default\" data-id=\"628d5f3d\" data-element_type=\"section\" data-e-type=\"section\">\n\t\t\t\t\t\t<div class=\"elementor-container elementor-column-gap-default\">\n\t\t\t\t\t<div class=\"elementor-column elementor-col-100 elementor-top-column elementor-element elementor-element-56ea6a27\" data-id=\"56ea6a27\" data-element_type=\"column\" data-e-type=\"column\">\n\t\t\t<div class=\"elementor-widget-wrap elementor-element-populated\">\n\t\t\t\t\t\t<div class=\"elementor-element elementor-element-413a94bd elementor-widget-divider--view-line elementor-widget elementor-widget-divider\" data-id=\"413a94bd\" data-element_type=\"widget\" data-e-type=\"widget\" data-widget_type=\"divider.default\">\n\t\t\t\t<div class=\"elementor-widget-container\">\n\t\t\t\t\t\t\t<div class=\"elementor-divider\">\n\t\t\t<span class=\"elementor-divider-separator\">\n\t\t\t\t\t\t<\/span>\n\t\t<\/div>\n\t\t\t\t\t\t<\/div>\n\t\t\t\t<\/div>\n\t\t\t\t\t<\/div>\n\t\t<\/div>\n\t\t\t\t\t<\/div>\n\t\t<\/section>\n\t\t\t\t<section class=\"elementor-section elementor-top-section elementor-element elementor-element-67f6be12 elementor-section-boxed elementor-section-height-default elementor-section-height-default\" data-id=\"67f6be12\" data-element_type=\"section\" data-e-type=\"section\">\n\t\t\t\t\t\t<div class=\"elementor-container elementor-column-gap-default\">\n\t\t\t\t\t<div class=\"elementor-column elementor-col-25 elementor-top-column elementor-element elementor-element-2dec3957\" data-id=\"2dec3957\" data-element_type=\"column\" data-e-type=\"column\">\n\t\t\t<div class=\"elementor-widget-wrap elementor-element-populated\">\n\t\t\t\t\t\t<div class=\"elementor-element elementor-element-454540ad elementor-icon-list--layout-traditional elementor-list-item-link-full_width elementor-widget elementor-widget-icon-list\" data-id=\"454540ad\" data-element_type=\"widget\" data-e-type=\"widget\" data-widget_type=\"icon-list.default\">\n\t\t\t\t<div class=\"elementor-widget-container\">\n\t\t\t\t\t\t\t<ul class=\"elementor-icon-list-items\">\n\t\t\t\t\t\t\t<li class=\"elementor-icon-list-item\">\n\t\t\t\t\t\t\t\t\t\t\t<a href=\"https:\/\/mmtp.gouvernement.lu\/fr.html\" target=\"_blank\">\n\n\t\t\t\t\t\t\t\t\t\t\t<span class=\"elementor-icon-list-text\"><b>Auftraggeber:<\/b> Ministerium f\u00fcr Mobilit\u00e4t und \u00f6ffentliche Arbeiten<\/span>\n\t\t\t\t\t\t\t\t\t\t\t<\/a>\n\t\t\t\t\t\t\t\t\t<\/li>\n\t\t\t\t\t\t\t\t<li class=\"elementor-icon-list-item\">\n\t\t\t\t\t\t\t\t\t\t<span class=\"elementor-icon-list-text\"><b>Ort <\/b>: Luxemburg-Kirchberg, Luxemburg<\/span>\n\t\t\t\t\t\t\t\t\t<\/li>\n\t\t\t\t\t\t\t\t<li class=\"elementor-icon-list-item\">\n\t\t\t\t\t\t\t\t\t\t<span class=\"elementor-icon-list-text\"><b>Fl\u00e4che (BGF): <\/b> 58.500 m\u00b2<\/span>\n\t\t\t\t\t\t\t\t\t<\/li>\n\t\t\t\t\t\t\t\t<li class=\"elementor-icon-list-item\">\n\t\t\t\t\t\t\t\t\t\t<span class=\"elementor-icon-list-text\"><b>Volumen (VB): <\/b>235.000 m\u00b3<\/span>\n\t\t\t\t\t\t\t\t\t<\/li>\n\t\t\t\t\t\t\t\t<li class=\"elementor-icon-list-item\">\n\t\t\t\t\t\t\t\t\t\t<span class=\"elementor-icon-list-text\"><b>Typologie: <\/b> B\u00fcro<\/span>\n\t\t\t\t\t\t\t\t\t<\/li>\n\t\t\t\t\t\t<\/ul>\n\t\t\t\t\t\t<\/div>\n\t\t\t\t<\/div>\n\t\t\t\t\t<\/div>\n\t\t<\/div>\n\t\t\t\t<div class=\"elementor-column elementor-col-25 elementor-top-column elementor-element elementor-element-27c5971e\" data-id=\"27c5971e\" data-element_type=\"column\" data-e-type=\"column\">\n\t\t\t<div class=\"elementor-widget-wrap elementor-element-populated\">\n\t\t\t\t\t\t<div class=\"elementor-element elementor-element-4bb8158c elementor-icon-list--layout-traditional elementor-list-item-link-full_width elementor-widget elementor-widget-icon-list\" data-id=\"4bb8158c\" data-element_type=\"widget\" data-e-type=\"widget\" data-widget_type=\"icon-list.default\">\n\t\t\t\t<div class=\"elementor-widget-container\">\n\t\t\t\t\t\t\t<ul class=\"elementor-icon-list-items\">\n\t\t\t\t\t\t\t<li class=\"elementor-icon-list-item\">\n\t\t\t\t\t\t\t\t\t\t<span class=\"elementor-icon-list-text\"><b>Energieklasse:<\/b> A<\/span>\n\t\t\t\t\t\t\t\t\t<\/li>\n\t\t\t\t\t\t\t\t<li class=\"elementor-icon-list-item\">\n\t\t\t\t\t\t\t\t\t\t<span class=\"elementor-icon-list-text\"><b>Zertifizierung: DGNB <\/b> (Platinum), WELL (Standard)<\/span>\n\t\t\t\t\t\t\t\t\t<\/li>\n\t\t\t\t\t\t\t\t<li class=\"elementor-icon-list-item\">\n\t\t\t\t\t\t\t\t\t\t<span class=\"elementor-icon-list-text\"><b>Wettbewerb: <\/b> 2021<\/span>\n\t\t\t\t\t\t\t\t\t<\/li>\n\t\t\t\t\t\t\t\t<li class=\"elementor-icon-list-item\">\n\t\t\t\t\t\t\t\t\t\t<span class=\"elementor-icon-list-text\"><b>Stufe(n):<\/b> Wettbewerb<\/span>\n\t\t\t\t\t\t\t\t\t<\/li>\n\t\t\t\t\t\t<\/ul>\n\t\t\t\t\t\t<\/div>\n\t\t\t\t<\/div>\n\t\t\t\t\t<\/div>\n\t\t<\/div>\n\t\t\t\t<div class=\"elementor-column elementor-col-25 elementor-top-column elementor-element elementor-element-b5a8f3\" data-id=\"b5a8f3\" data-element_type=\"column\" data-e-type=\"column\">\n\t\t\t<div class=\"elementor-widget-wrap elementor-element-populated\">\n\t\t\t\t\t\t<div class=\"elementor-element elementor-element-770fa700 elementor-icon-list--layout-traditional elementor-list-item-link-full_width elementor-widget elementor-widget-icon-list\" data-id=\"770fa700\" data-element_type=\"widget\" data-e-type=\"widget\" data-widget_type=\"icon-list.default\">\n\t\t\t\t<div class=\"elementor-widget-container\">\n\t\t\t\t\t\t\t<ul class=\"elementor-icon-list-items\">\n\t\t\t\t\t\t\t<li class=\"elementor-icon-list-item\">\n\t\t\t\t\t\t\t\t\t\t<span class=\"elementor-icon-list-text\"><b>Team: <\/b> Elia Canadell-Navarro, Claude Ballini, Christophe Fanck<\/span>\n\t\t\t\t\t\t\t\t\t<\/li>\n\t\t\t\t\t\t\t\t<li class=\"elementor-icon-list-item\">\n\t\t\t\t\t\t\t\t\t\t\t<a href=\"https:\/\/www.unstudio.com\/\" target=\"_blank\">\n\n\t\t\t\t\t\t\t\t\t\t\t<span class=\"elementor-icon-list-text\"><b>Partnerarchitekt: <\/b> UNStudio<\/span>\n\t\t\t\t\t\t\t\t\t\t\t<\/a>\n\t\t\t\t\t\t\t\t\t<\/li>\n\t\t\t\t\t\t<\/ul>\n\t\t\t\t\t\t<\/div>\n\t\t\t\t<\/div>\n\t\t\t\t\t<\/div>\n\t\t<\/div>\n\t\t\t\t<div class=\"elementor-column elementor-col-25 elementor-top-column elementor-element elementor-element-cb6ed04\" data-id=\"cb6ed04\" data-element_type=\"column\" data-e-type=\"column\">\n\t\t\t<div class=\"elementor-widget-wrap elementor-element-populated\">\n\t\t\t\t\t\t<div class=\"elementor-element elementor-element-5922507f elementor-icon-list--layout-traditional elementor-list-item-link-full_width elementor-widget elementor-widget-icon-list\" data-id=\"5922507f\" data-element_type=\"widget\" data-e-type=\"widget\" data-widget_type=\"icon-list.default\">\n\t\t\t\t<div class=\"elementor-widget-container\">\n\t\t\t\t\t\t\t<ul class=\"elementor-icon-list-items\">\n\t\t\t\t\t\t\t<li class=\"elementor-icon-list-item\">\n\t\t\t\t\t\t\t\t\t\t\t<a href=\"https:\/\/www.sgigroupe.com\/\" target=\"_blank\">\n\n\t\t\t\t\t\t\t\t\t\t\t<span class=\"elementor-icon-list-text\"><b>Tragwerksplaner:<\/b> SGI<\/span>\n\t\t\t\t\t\t\t\t\t\t\t<\/a>\n\t\t\t\t\t\t\t\t\t<\/li>\n\t\t\t\t\t\t\t\t<li class=\"elementor-icon-list-item\">\n\t\t\t\t\t\t\t\t\t\t<span class=\"elementor-icon-list-text\"><b>TGA Ingenieur: <\/b> SGI, Buro Happold<\/span>\n\t\t\t\t\t\t\t\t\t<\/li>\n\t\t\t\t\t\t\t\t<li class=\"elementor-icon-list-item\">\n\t\t\t\t\t\t\t\t\t\t\t<a href=\"https:\/\/www.burohappold.com\/\" target=\"_blank\">\n\n\t\t\t\t\t\t\t\t\t\t\t<span class=\"elementor-icon-list-text\"><b>Nachhaltigkeit: Buro <\/b> Happold<\/span>\n\t\t\t\t\t\t\t\t\t\t\t<\/a>\n\t\t\t\t\t\t\t\t\t<\/li>\n\t\t\t\t\t\t\t\t<li class=\"elementor-icon-list-item\">\n\t\t\t\t\t\t\t\t\t\t\t<a href=\"http:\/\/www.felixx.nl\/\" target=\"_blank\">\n\n\t\t\t\t\t\t\t\t\t\t\t<span class=\"elementor-icon-list-text\"><b>Landschaftsarchitekt: <\/b> Felixx<\/span>\n\t\t\t\t\t\t\t\t\t\t\t<\/a>\n\t\t\t\t\t\t\t\t\t<\/li>\n\t\t\t\t\t\t\t\t<li class=\"elementor-icon-list-item\">\n\t\t\t\t\t\t\t\t\t\t\t<a href=\"https:\/\/www.groupseco.lu\/fr\" target=\"_blank\">\n\n\t\t\t\t\t\t\t\t\t\t\t<span class=\"elementor-icon-list-text\"><b>Sicherheit: <\/b> Secolux<\/span>\n\t\t\t\t\t\t\t\t\t\t\t<\/a>\n\t\t\t\t\t\t\t\t\t<\/li>\n\t\t\t\t\t\t<\/ul>\n\t\t\t\t\t\t<\/div>\n\t\t\t\t<\/div>\n\t\t\t\t\t<\/div>\n\t\t<\/div>\n\t\t\t\t\t<\/div>\n\t\t<\/section>\n\t\t\t\t<section class=\"elementor-section elementor-top-section elementor-element elementor-element-586c40d3 elementor-section-boxed elementor-section-height-default elementor-section-height-default\" data-id=\"586c40d3\" data-element_type=\"section\" data-e-type=\"section\">\n\t\t\t\t\t\t<div class=\"elementor-container elementor-column-gap-default\">\n\t\t\t\t\t<div class=\"elementor-column elementor-col-100 elementor-top-column elementor-element elementor-element-135a008a\" data-id=\"135a008a\" data-element_type=\"column\" data-e-type=\"column\">\n\t\t\t<div class=\"elementor-widget-wrap elementor-element-populated\">\n\t\t\t\t\t\t<div class=\"elementor-element elementor-element-47e5d079 elementor-widget-divider--view-line elementor-widget elementor-widget-divider\" data-id=\"47e5d079\" data-element_type=\"widget\" data-e-type=\"widget\" data-widget_type=\"divider.default\">\n\t\t\t\t<div class=\"elementor-widget-container\">\n\t\t\t\t\t\t\t<div class=\"elementor-divider\">\n\t\t\t<span class=\"elementor-divider-separator\">\n\t\t\t\t\t\t<\/span>\n\t\t<\/div>\n\t\t\t\t\t\t<\/div>\n\t\t\t\t<\/div>\n\t\t\t\t<div class=\"elementor-element elementor-element-4ac7c376 elementor-widget elementor-widget-post-info\" data-id=\"4ac7c376\" data-element_type=\"widget\" data-e-type=\"widget\" data-widget_type=\"post-info.default\">\n\t\t\t\t<div class=\"elementor-widget-container\">\n\t\t\t\t\t\t\t<ul class=\"elementor-inline-items elementor-icon-list-items elementor-post-info\">\n\t\t\t\t\t\t\t\t<li class=\"elementor-icon-list-item elementor-repeater-item-24d4c22 elementor-inline-item\" itemprop=\"datePublished\">\n\t\t\t\t\t\t<a href=\"https:\/\/www.ballinipitt.lu\/de\/2022\/06\/01\/\">\n\t\t\t\t\t\t\t\t\t\t\t<span class=\"elementor-icon-list-icon\">\n\t\t\t\t\t\t\t\t<i aria-hidden=\"true\" class=\"fas fa-calendar\"><\/i>\t\t\t\t\t\t\t<\/span>\n\t\t\t\t\t\t\t\t\t<span class=\"elementor-icon-list-text elementor-post-info__item elementor-post-info__item--type-date\">\n\t\t\t\t\t\t\t\t\t\t<time>Juni 1, 2022<\/time>\t\t\t\t\t<\/span>\n\t\t\t\t\t\t\t\t\t<\/a>\n\t\t\t\t<\/li>\n\t\t\t\t<li class=\"elementor-icon-list-item elementor-repeater-item-e3bdda6 elementor-inline-item\" itemprop=\"about\">\n\t\t\t\t\t\t\t\t\t\t<span class=\"elementor-icon-list-icon\">\n\t\t\t\t\t\t\t\t<i aria-hidden=\"true\" class=\"fas fa-tags\"><\/i>\t\t\t\t\t\t\t<\/span>\n\t\t\t\t\t\t\t\t\t<span class=\"elementor-icon-list-text elementor-post-info__item elementor-post-info__item--type-terms\">\n\t\t\t\t\t\t\t\t\t\t<span class=\"elementor-post-info__terms-list\">\n\t\t\t\t<a href=\"https:\/\/www.ballinipitt.lu\/de\/tag\/dgnb-de\/\" class=\"elementor-post-info__terms-list-item\">DGNB<\/a>, <a href=\"https:\/\/www.ballinipitt.lu\/de\/tag\/entwurf\/\" class=\"elementor-post-info__terms-list-item\">Entwurf<\/a>, <a href=\"https:\/\/www.ballinipitt.lu\/de\/tag\/well-de\/\" class=\"elementor-post-info__terms-list-item\">Well<\/a>, <a href=\"https:\/\/www.ballinipitt.lu\/de\/tag\/wettbewerb\/\" class=\"elementor-post-info__terms-list-item\">Wettbewerb<\/a>\t\t\t\t<\/span>\n\t\t\t\t\t<\/span>\n\t\t\t\t\t\t\t\t<\/li>\n\t\t\t\t<\/ul>\n\t\t\t\t\t\t<\/div>\n\t\t\t\t<\/div>\n\t\t\t\t<div class=\"elementor-element elementor-element-70906e6 elementor-share-buttons--view-icon elementor-share-buttons--skin-flat elementor-share-buttons--shape-circle elementor-share-buttons--color-custom elementor-grid-0 elementor-widget elementor-widget-share-buttons\" data-id=\"70906e6\" data-element_type=\"widget\" data-e-type=\"widget\" data-widget_type=\"share-buttons.default\">\n\t\t\t\t<div class=\"elementor-widget-container\">\n\t\t\t\t\t\t\t<div class=\"elementor-grid\" role=\"list\">\n\t\t\t\t\t\t\t\t<div class=\"elementor-grid-item\" role=\"listitem\">\n\t\t\t\t\t\t<div class=\"elementor-share-btn elementor-share-btn_facebook\" role=\"button\" tabindex=\"0\" aria-label=\"Teilen auf facebook\">\n\t\t\t\t\t\t\t\t\t\t\t\t\t\t\t<span class=\"elementor-share-btn__icon\">\n\t\t\t\t\t\t\t\t<i class=\"fab fa-facebook\" aria-hidden=\"true\"><\/i>\t\t\t\t\t\t\t<\/span>\n\t\t\t\t\t\t\t\t\t\t\t\t\t\t\t\t\t\t\t\t<\/div>\n\t\t\t\t\t<\/div>\n\t\t\t\t\t\t\t\t\t<div class=\"elementor-grid-item\" role=\"listitem\">\n\t\t\t\t\t\t<div class=\"elementor-share-btn elementor-share-btn_twitter\" role=\"button\" tabindex=\"0\" aria-label=\"Teilen auf twitter\">\n\t\t\t\t\t\t\t\t\t\t\t\t\t\t\t<span class=\"elementor-share-btn__icon\">\n\t\t\t\t\t\t\t\t<i class=\"fab fa-twitter\" aria-hidden=\"true\"><\/i>\t\t\t\t\t\t\t<\/span>\n\t\t\t\t\t\t\t\t\t\t\t\t\t\t\t\t\t\t\t\t<\/div>\n\t\t\t\t\t<\/div>\n\t\t\t\t\t\t\t\t\t<div class=\"elementor-grid-item\" role=\"listitem\">\n\t\t\t\t\t\t<div class=\"elementor-share-btn elementor-share-btn_linkedin\" role=\"button\" tabindex=\"0\" aria-label=\"Teilen auf linkedin\">\n\t\t\t\t\t\t\t\t\t\t\t\t\t\t\t<span class=\"elementor-share-btn__icon\">\n\t\t\t\t\t\t\t\t<i class=\"fab fa-linkedin\" aria-hidden=\"true\"><\/i>\t\t\t\t\t\t\t<\/span>\n\t\t\t\t\t\t\t\t\t\t\t\t\t\t\t\t\t\t\t\t<\/div>\n\t\t\t\t\t<\/div>\n\t\t\t\t\t\t\t\t\t<div class=\"elementor-grid-item\" role=\"listitem\">\n\t\t\t\t\t\t<div class=\"elementor-share-btn elementor-share-btn_pinterest\" role=\"button\" tabindex=\"0\" aria-label=\"Teilen auf pinterest\">\n\t\t\t\t\t\t\t\t\t\t\t\t\t\t\t<span class=\"elementor-share-btn__icon\">\n\t\t\t\t\t\t\t\t<i class=\"fab fa-pinterest\" aria-hidden=\"true\"><\/i>\t\t\t\t\t\t\t<\/span>\n\t\t\t\t\t\t\t\t\t\t\t\t\t\t\t\t\t\t\t\t<\/div>\n\t\t\t\t\t<\/div>\n\t\t\t\t\t\t\t\t\t<div class=\"elementor-grid-item\" role=\"listitem\">\n\t\t\t\t\t\t<div class=\"elementor-share-btn elementor-share-btn_email\" role=\"button\" tabindex=\"0\" aria-label=\"Teilen auf email\">\n\t\t\t\t\t\t\t\t\t\t\t\t\t\t\t<span class=\"elementor-share-btn__icon\">\n\t\t\t\t\t\t\t\t<i class=\"fas fa-envelope\" aria-hidden=\"true\"><\/i>\t\t\t\t\t\t\t<\/span>\n\t\t\t\t\t\t\t\t\t\t\t\t\t\t\t\t\t\t\t\t<\/div>\n\t\t\t\t\t<\/div>\n\t\t\t\t\t\t\t\t\t<div class=\"elementor-grid-item\" role=\"listitem\">\n\t\t\t\t\t\t<div class=\"elementor-share-btn elementor-share-btn_print\" role=\"button\" tabindex=\"0\" aria-label=\"Teilen auf print\">\n\t\t\t\t\t\t\t\t\t\t\t\t\t\t\t<span class=\"elementor-share-btn__icon\">\n\t\t\t\t\t\t\t\t<i class=\"fas fa-print\" aria-hidden=\"true\"><\/i>\t\t\t\t\t\t\t<\/span>\n\t\t\t\t\t\t\t\t\t\t\t\t\t\t\t\t\t\t\t\t<\/div>\n\t\t\t\t\t<\/div>\n\t\t\t\t\t\t<\/div>\n\t\t\t\t\t\t<\/div>\n\t\t\t\t<\/div>\n\t\t\t\t\t<\/div>\n\t\t<\/div>\n\t\t\t\t\t<\/div>\n\t\t<\/section>\n\t\t\t\t<section class=\"elementor-section elementor-top-section elementor-element elementor-element-35702336 elementor-section-boxed elementor-section-height-default elementor-section-height-default\" data-id=\"35702336\" data-element_type=\"section\" data-e-type=\"section\">\n\t\t\t\t\t\t<div class=\"elementor-container elementor-column-gap-default\">\n\t\t\t\t\t<div class=\"elementor-column elementor-col-100 elementor-top-column elementor-element elementor-element-1ef9cd3d\" data-id=\"1ef9cd3d\" data-element_type=\"column\" data-e-type=\"column\">\n\t\t\t<div class=\"elementor-widget-wrap elementor-element-populated\">\n\t\t\t\t\t\t<div class=\"elementor-element elementor-element-6800d756 elementor-widget elementor-widget-spacer\" data-id=\"6800d756\" data-element_type=\"widget\" data-e-type=\"widget\" data-widget_type=\"spacer.default\">\n\t\t\t\t<div class=\"elementor-widget-container\">\n\t\t\t\t\t\t\t<div class=\"elementor-spacer\">\n\t\t\t<div class=\"elementor-spacer-inner\"><\/div>\n\t\t<\/div>\n\t\t\t\t\t\t<\/div>\n\t\t\t\t<\/div>\n\t\t\t\t\t<\/div>\n\t\t<\/div>\n\t\t\t\t\t<\/div>\n\t\t<\/section>\n\t\t\t\t<section class=\"elementor-section elementor-top-section elementor-element elementor-element-2b3ba1cb elementor-section-boxed elementor-section-height-default elementor-section-height-default\" data-id=\"2b3ba1cb\" data-element_type=\"section\" data-e-type=\"section\">\n\t\t\t\t\t\t<div class=\"elementor-container elementor-column-gap-default\">\n\t\t\t\t\t<div class=\"elementor-column elementor-col-100 elementor-top-column elementor-element elementor-element-1c2385f5\" data-id=\"1c2385f5\" data-element_type=\"column\" data-e-type=\"column\">\n\t\t\t<div class=\"elementor-widget-wrap elementor-element-populated\">\n\t\t\t\t\t\t<div class=\"elementor-element elementor-element-849bd60 elementor-widget elementor-widget-post-info\" data-id=\"849bd60\" data-element_type=\"widget\" data-e-type=\"widget\" data-widget_type=\"post-info.default\">\n\t\t\t\t<div class=\"elementor-widget-container\">\n\t\t\t\t\t\t\t<ul class=\"elementor-inline-items elementor-icon-list-items elementor-post-info\">\n\t\t\t\t\t\t\t\t<li class=\"elementor-icon-list-item elementor-repeater-item-3fa2c00 elementor-inline-item\" itemprop=\"about\">\n\t\t\t\t\t\t\t\t\t\t\t\t\t<span class=\"elementor-icon-list-text elementor-post-info__item elementor-post-info__item--type-terms\">\n\t\t\t\t\t\t\t<span class=\"elementor-post-info__item-prefix\">Autres Projets <\/span>\n\t\t\t\t\t\t\t\t\t\t<span class=\"elementor-post-info__terms-list\">\n\t\t\t\t<span class=\"elementor-post-info__terms-list-item\">B\u00fcro<\/span>\t\t\t\t<\/span>\n\t\t\t\t\t<\/span>\n\t\t\t\t\t\t\t\t<\/li>\n\t\t\t\t<\/ul>\n\t\t\t\t\t\t<\/div>\n\t\t\t\t<\/div>\n\t\t\t\t\t<\/div>\n\t\t<\/div>\n\t\t\t\t\t<\/div>\n\t\t<\/section>\n\t\t\t\t<\/div>\n\t\t","protected":false},"excerpt":{"rendered":"<p>Dieses Projekt wurde beim Architekturwettbewerb f\u00fcr einen innovativen und nachhaltigen B\u00fcrokomplex auf dem Kirchberg-Plateau eingereicht.<\/p>\n","protected":false},"author":1,"featured_media":2368,"comment_status":"closed","ping_status":"closed","sticky":false,"template":"elementor_header_footer","format":"standard","meta":{"fifu_image_url":"https:\/\/www.ballinipitt.lu\/wp-content\/uploads\/2022\/06\/AI08-ESM-Kirchberg-bureaux-quartier-urbanisme-durable-cradle-to-cradle-toit-vegetalise-web-768x432.jpg","fifu_image_alt":"","footnotes":""},"categories":[31],"tags":[49,104,118,97],"class_list":["post-2630","post","type-post","status-publish","format-standard","has-post-thumbnail","hentry","category-buro-de","tag-dgnb-de","tag-entwurf","tag-well-de","tag-wettbewerb"],"yoast_head":"<!-- This site is optimized with the Yoast SEO Premium plugin v27.5 (Yoast SEO v27.5) - https:\/\/yoast.com\/product\/yoast-seo-premium-wordpress\/ -->\n<title>ESM Kirchberg - BALLINIPITT architectes urbanistes<\/title>\n<meta name=\"description\" content=\"Dieses Projekt wurde beim Architekturwettbewerb f\u00fcr einen innovativen und nachhaltigen B\u00fcrokomplex auf dem Kirchberg-Plateau eingereicht.\" \/>\n<meta name=\"robots\" content=\"index, follow, max-snippet:-1, max-image-preview:large, max-video-preview:-1\" \/>\n<link rel=\"canonical\" href=\"https:\/\/www.ballinipitt.lu\/de\/ai08-esm-kirchberg\/\" \/>\n<meta property=\"og:locale\" content=\"de_DE\" \/>\n<meta property=\"og:type\" content=\"article\" \/>\n<meta property=\"og:title\" content=\"ESM Kirchberg\" \/>\n<meta property=\"og:description\" content=\"B\u00fcro\" \/>\n<meta property=\"og:url\" content=\"https:\/\/www.ballinipitt.lu\/de\/ai08-esm-kirchberg\/\" \/>\n<meta property=\"og:site_name\" content=\"BALLINIPITT architectes urbanistes\" \/>\n<meta property=\"article:publisher\" content=\"https:\/\/www.facebook.com\/Ballinipitt\" \/>\n<meta property=\"article:author\" content=\"https:\/\/www.facebook.com\/ballinipitt\" \/>\n<meta property=\"article:published_time\" content=\"2022-06-01T07:57:00+00:00\" \/>\n<meta property=\"article:modified_time\" content=\"2024-04-19T10:09:24+00:00\" \/>\n<meta property=\"og:image\" content=\"https:\/\/www.ballinipitt.lu\/wp-content\/uploads\/2022\/06\/AI08-ESM-Kirchberg-bureaux-quartier-urbanisme-durable-cradle-to-cradle-toit-vegetalise-web-768x432.jpg\" \/><meta property=\"og:image\" content=\"https:\/\/www.ballinipitt.lu\/wp-content\/uploads\/2022\/06\/AI08-ESM-Kirchberg-bureaux-quartier-urbanisme-durable-cradle-to-cradle-toit-vegetalise-web-768x432.jpg\" \/>\n\t<meta property=\"og:image:width\" content=\"1200\" \/>\n\t<meta property=\"og:image:height\" content=\"675\" \/>\n\t<meta property=\"og:image:type\" content=\"image\/jpeg\" \/>\n<meta name=\"author\" content=\"BALLINIPITT\" \/>\n<meta name=\"twitter:card\" content=\"summary_large_image\" \/>\n<meta name=\"twitter:image\" content=\"https:\/\/www.ballinipitt.lu\/wp-content\/uploads\/2022\/06\/AI08-ESM-Kirchberg-bureaux-quartier-urbanisme-durable-cradle-to-cradle-toit-vegetalise-web-768x432.jpg\" \/>\n<meta name=\"twitter:creator\" content=\"@BALLINIPITT\" \/>\n<meta name=\"twitter:site\" content=\"@BALLINIPITT\" \/>\n<meta name=\"twitter:label1\" content=\"Verfasst von\" \/>\n\t<meta name=\"twitter:data1\" content=\"BALLINIPITT\" \/>\n\t<meta name=\"twitter:label2\" content=\"Gesch\u00e4tzte Lesezeit\" \/>\n\t<meta name=\"twitter:data2\" content=\"4 Minuten\" \/>\n<script type=\"application\/ld+json\" class=\"yoast-schema-graph\">{\"@context\":\"https:\\\/\\\/schema.org\",\"@graph\":[{\"@type\":\"Article\",\"@id\":\"https:\\\/\\\/www.ballinipitt.lu\\\/de\\\/ai08-esm-kirchberg\\\/#article\",\"isPartOf\":{\"@id\":\"https:\\\/\\\/www.ballinipitt.lu\\\/de\\\/ai08-esm-kirchberg\\\/\"},\"author\":{\"name\":\"BALLINIPITT\",\"@id\":\"https:\\\/\\\/www.ballinipitt.lu\\\/de\\\/#\\\/schema\\\/person\\\/f41b17c894d26d59561e8559cfe20059\"},\"headline\":\"ESM Kirchberg\",\"datePublished\":\"2022-06-01T07:57:00+00:00\",\"dateModified\":\"2024-04-19T10:09:24+00:00\",\"mainEntityOfPage\":{\"@id\":\"https:\\\/\\\/www.ballinipitt.lu\\\/de\\\/ai08-esm-kirchberg\\\/\"},\"wordCount\":754,\"publisher\":{\"@id\":\"https:\\\/\\\/www.ballinipitt.lu\\\/de\\\/#organization\"},\"image\":{\"@id\":\"https:\\\/\\\/www.ballinipitt.lu\\\/de\\\/ai08-esm-kirchberg\\\/#primaryimage\"},\"thumbnailUrl\":\"https:\\\/\\\/www.ballinipitt.lu\\\/wp-content\\\/uploads\\\/2022\\\/06\\\/AI08-ESM-Kirchberg-bureaux-quartier-urbanisme-durable-cradle-to-cradle-toit-vegetalise-web.jpg\",\"keywords\":[\"DGNB\",\"Entwurf\",\"Well\",\"Wettbewerb\"],\"articleSection\":[\"B\u00fcro\"],\"inLanguage\":\"de-DE\"},{\"@type\":\"WebPage\",\"@id\":\"https:\\\/\\\/www.ballinipitt.lu\\\/de\\\/ai08-esm-kirchberg\\\/\",\"url\":\"https:\\\/\\\/www.ballinipitt.lu\\\/de\\\/ai08-esm-kirchberg\\\/\",\"name\":\"ESM Kirchberg - BALLINIPITT architectes urbanistes\",\"isPartOf\":{\"@id\":\"https:\\\/\\\/www.ballinipitt.lu\\\/de\\\/#website\"},\"primaryImageOfPage\":{\"@id\":\"https:\\\/\\\/www.ballinipitt.lu\\\/de\\\/ai08-esm-kirchberg\\\/#primaryimage\"},\"image\":{\"@id\":\"https:\\\/\\\/www.ballinipitt.lu\\\/de\\\/ai08-esm-kirchberg\\\/#primaryimage\"},\"thumbnailUrl\":\"https:\\\/\\\/www.ballinipitt.lu\\\/wp-content\\\/uploads\\\/2022\\\/06\\\/AI08-ESM-Kirchberg-bureaux-quartier-urbanisme-durable-cradle-to-cradle-toit-vegetalise-web.jpg\",\"datePublished\":\"2022-06-01T07:57:00+00:00\",\"dateModified\":\"2024-04-19T10:09:24+00:00\",\"description\":\"Dieses Projekt wurde beim Architekturwettbewerb f\u00fcr einen innovativen und nachhaltigen B\u00fcrokomplex auf dem Kirchberg-Plateau eingereicht.\",\"breadcrumb\":{\"@id\":\"https:\\\/\\\/www.ballinipitt.lu\\\/de\\\/ai08-esm-kirchberg\\\/#breadcrumb\"},\"inLanguage\":\"de-DE\",\"potentialAction\":[{\"@type\":\"ReadAction\",\"target\":[\"https:\\\/\\\/www.ballinipitt.lu\\\/de\\\/ai08-esm-kirchberg\\\/\"]}]},{\"@type\":\"ImageObject\",\"inLanguage\":\"de-DE\",\"@id\":\"https:\\\/\\\/www.ballinipitt.lu\\\/de\\\/ai08-esm-kirchberg\\\/#primaryimage\",\"url\":\"https:\\\/\\\/www.ballinipitt.lu\\\/wp-content\\\/uploads\\\/2022\\\/06\\\/AI08-ESM-Kirchberg-bureaux-quartier-urbanisme-durable-cradle-to-cradle-toit-vegetalise-web.jpg\",\"contentUrl\":\"https:\\\/\\\/www.ballinipitt.lu\\\/wp-content\\\/uploads\\\/2022\\\/06\\\/AI08-ESM-Kirchberg-bureaux-quartier-urbanisme-durable-cradle-to-cradle-toit-vegetalise-web.jpg\",\"width\":1200,\"height\":675,\"caption\":\"Cradle-to-cradle und nachhaltiger B\u00fcrokomplex in Kirchberg\"},{\"@type\":\"BreadcrumbList\",\"@id\":\"https:\\\/\\\/www.ballinipitt.lu\\\/de\\\/ai08-esm-kirchberg\\\/#breadcrumb\",\"itemListElement\":[{\"@type\":\"ListItem\",\"position\":1,\"name\":\"BALLINIPITT\",\"item\":\"https:\\\/\\\/www.ballinipitt.lu\\\/de\\\/start\\\/\"},{\"@type\":\"ListItem\",\"position\":2,\"name\":\"Projekte\",\"item\":\"https:\\\/\\\/www.ballinipitt.lu\\\/de\\\/category\\\/projekte-de\\\/\"},{\"@type\":\"ListItem\",\"position\":3,\"name\":\"Architektur\",\"item\":\"https:\\\/\\\/www.ballinipitt.lu\\\/de\\\/category\\\/projekte-de\\\/architektur-de\\\/\"},{\"@type\":\"ListItem\",\"position\":4,\"name\":\"B\u00fcro\",\"item\":\"https:\\\/\\\/www.ballinipitt.lu\\\/de\\\/category\\\/projekte-de\\\/architektur-de\\\/buro-de\\\/\"},{\"@type\":\"ListItem\",\"position\":5,\"name\":\"ESM Kirchberg\"}]},{\"@type\":\"WebSite\",\"@id\":\"https:\\\/\\\/www.ballinipitt.lu\\\/de\\\/#website\",\"url\":\"https:\\\/\\\/www.ballinipitt.lu\\\/de\\\/\",\"name\":\"BALLINIPITT architectes urbanistes\",\"description\":\"Bureau d&#039;architecture et d&#039;urbanisme bas\u00e9 au Luxembourg\",\"publisher\":{\"@id\":\"https:\\\/\\\/www.ballinipitt.lu\\\/de\\\/#organization\"},\"potentialAction\":[{\"@type\":\"SearchAction\",\"target\":{\"@type\":\"EntryPoint\",\"urlTemplate\":\"https:\\\/\\\/www.ballinipitt.lu\\\/de\\\/?s={search_term_string}\"},\"query-input\":{\"@type\":\"PropertyValueSpecification\",\"valueRequired\":true,\"valueName\":\"search_term_string\"}}],\"inLanguage\":\"de-DE\"},{\"@type\":\"Organization\",\"@id\":\"https:\\\/\\\/www.ballinipitt.lu\\\/de\\\/#organization\",\"name\":\"BALLINIPITT architectes urbanistes\",\"alternateName\":\"BALLINIPITT\",\"url\":\"https:\\\/\\\/www.ballinipitt.lu\\\/de\\\/\",\"logo\":{\"@type\":\"ImageObject\",\"inLanguage\":\"de-DE\",\"@id\":\"https:\\\/\\\/www.ballinipitt.lu\\\/de\\\/#\\\/schema\\\/logo\\\/image\\\/\",\"url\":\"https:\\\/\\\/www.ballinipitt.lu\\\/wp-content\\\/uploads\\\/2022\\\/05\\\/cropped-BALLINIPITT-architectes-urbanistes-basic-bk-transparent-100x470-1.gif\",\"contentUrl\":\"https:\\\/\\\/www.ballinipitt.lu\\\/wp-content\\\/uploads\\\/2022\\\/05\\\/cropped-BALLINIPITT-architectes-urbanistes-basic-bk-transparent-100x470-1.gif\",\"width\":350,\"height\":100,\"caption\":\"BALLINIPITT architectes urbanistes\"},\"image\":{\"@id\":\"https:\\\/\\\/www.ballinipitt.lu\\\/de\\\/#\\\/schema\\\/logo\\\/image\\\/\"},\"sameAs\":[\"https:\\\/\\\/www.facebook.com\\\/Ballinipitt\",\"https:\\\/\\\/x.com\\\/BALLINIPITT\",\"https:\\\/\\\/www.instagram.com\\\/ballinipitt\",\"https:\\\/\\\/www.linkedin.com\\\/company\\\/ballinipitt-architectes-urbaniste\\\/\"]},{\"@type\":\"Person\",\"@id\":\"https:\\\/\\\/www.ballinipitt.lu\\\/de\\\/#\\\/schema\\\/person\\\/f41b17c894d26d59561e8559cfe20059\",\"name\":\"BALLINIPITT\",\"sameAs\":[\"https:\\\/\\\/www.ballinipitt.lu\",\"https:\\\/\\\/www.facebook.com\\\/ballinipitt\",\"https:\\\/\\\/www.instagram.com\\\/ballinipitt\",\"https:\\\/\\\/www.linkedin.com\\\/company\\\/ballinipitt-architectes-urbanistes\\\/\",\"https:\\\/\\\/x.com\\\/BALLINIPITT\"]}]}<\/script>\n<!-- \/ Yoast SEO Premium plugin. -->","yoast_head_json":{"title":"ESM Kirchberg - BALLINIPITT architectes urbanistes","description":"Dieses Projekt wurde beim Architekturwettbewerb f\u00fcr einen innovativen und nachhaltigen B\u00fcrokomplex auf dem Kirchberg-Plateau eingereicht.","robots":{"index":"index","follow":"follow","max-snippet":"max-snippet:-1","max-image-preview":"max-image-preview:large","max-video-preview":"max-video-preview:-1"},"canonical":"https:\/\/www.ballinipitt.lu\/de\/ai08-esm-kirchberg\/","og_locale":"de_DE","og_type":"article","og_title":"ESM Kirchberg","og_description":"B\u00fcro","og_url":"https:\/\/www.ballinipitt.lu\/de\/ai08-esm-kirchberg\/","og_site_name":"BALLINIPITT architectes urbanistes","article_publisher":"https:\/\/www.facebook.com\/Ballinipitt","article_author":"https:\/\/www.facebook.com\/ballinipitt","article_published_time":"2022-06-01T07:57:00+00:00","article_modified_time":"2024-04-19T10:09:24+00:00","og_image":[{"url":"https:\/\/www.ballinipitt.lu\/wp-content\/uploads\/2022\/06\/AI08-ESM-Kirchberg-bureaux-quartier-urbanisme-durable-cradle-to-cradle-toit-vegetalise-web-768x432.jpg","type":"","width":"","height":""},{"width":1200,"height":675,"url":"https:\/\/www.ballinipitt.lu\/wp-content\/uploads\/2022\/06\/AI08-ESM-Kirchberg-bureaux-quartier-urbanisme-durable-cradle-to-cradle-toit-vegetalise-web-768x432.jpg","type":"image\/jpeg"}],"author":"BALLINIPITT","twitter_card":"summary_large_image","twitter_image":"https:\/\/www.ballinipitt.lu\/wp-content\/uploads\/2022\/06\/AI08-ESM-Kirchberg-bureaux-quartier-urbanisme-durable-cradle-to-cradle-toit-vegetalise-web-768x432.jpg","twitter_creator":"@BALLINIPITT","twitter_site":"@BALLINIPITT","twitter_misc":{"Verfasst von":"BALLINIPITT","Gesch\u00e4tzte Lesezeit":"4 Minuten"},"schema":{"@context":"https:\/\/schema.org","@graph":[{"@type":"Article","@id":"https:\/\/www.ballinipitt.lu\/de\/ai08-esm-kirchberg\/#article","isPartOf":{"@id":"https:\/\/www.ballinipitt.lu\/de\/ai08-esm-kirchberg\/"},"author":{"name":"BALLINIPITT","@id":"https:\/\/www.ballinipitt.lu\/de\/#\/schema\/person\/f41b17c894d26d59561e8559cfe20059"},"headline":"ESM Kirchberg","datePublished":"2022-06-01T07:57:00+00:00","dateModified":"2024-04-19T10:09:24+00:00","mainEntityOfPage":{"@id":"https:\/\/www.ballinipitt.lu\/de\/ai08-esm-kirchberg\/"},"wordCount":754,"publisher":{"@id":"https:\/\/www.ballinipitt.lu\/de\/#organization"},"image":{"@id":"https:\/\/www.ballinipitt.lu\/de\/ai08-esm-kirchberg\/#primaryimage"},"thumbnailUrl":"https:\/\/www.ballinipitt.lu\/wp-content\/uploads\/2022\/06\/AI08-ESM-Kirchberg-bureaux-quartier-urbanisme-durable-cradle-to-cradle-toit-vegetalise-web.jpg","keywords":["DGNB","Entwurf","Well","Wettbewerb"],"articleSection":["B\u00fcro"],"inLanguage":"de-DE"},{"@type":"WebPage","@id":"https:\/\/www.ballinipitt.lu\/de\/ai08-esm-kirchberg\/","url":"https:\/\/www.ballinipitt.lu\/de\/ai08-esm-kirchberg\/","name":"ESM Kirchberg - BALLINIPITT architectes urbanistes","isPartOf":{"@id":"https:\/\/www.ballinipitt.lu\/de\/#website"},"primaryImageOfPage":{"@id":"https:\/\/www.ballinipitt.lu\/de\/ai08-esm-kirchberg\/#primaryimage"},"image":{"@id":"https:\/\/www.ballinipitt.lu\/de\/ai08-esm-kirchberg\/#primaryimage"},"thumbnailUrl":"https:\/\/www.ballinipitt.lu\/wp-content\/uploads\/2022\/06\/AI08-ESM-Kirchberg-bureaux-quartier-urbanisme-durable-cradle-to-cradle-toit-vegetalise-web.jpg","datePublished":"2022-06-01T07:57:00+00:00","dateModified":"2024-04-19T10:09:24+00:00","description":"Dieses Projekt wurde beim Architekturwettbewerb f\u00fcr einen innovativen und nachhaltigen B\u00fcrokomplex auf dem Kirchberg-Plateau eingereicht.","breadcrumb":{"@id":"https:\/\/www.ballinipitt.lu\/de\/ai08-esm-kirchberg\/#breadcrumb"},"inLanguage":"de-DE","potentialAction":[{"@type":"ReadAction","target":["https:\/\/www.ballinipitt.lu\/de\/ai08-esm-kirchberg\/"]}]},{"@type":"ImageObject","inLanguage":"de-DE","@id":"https:\/\/www.ballinipitt.lu\/de\/ai08-esm-kirchberg\/#primaryimage","url":"https:\/\/www.ballinipitt.lu\/wp-content\/uploads\/2022\/06\/AI08-ESM-Kirchberg-bureaux-quartier-urbanisme-durable-cradle-to-cradle-toit-vegetalise-web.jpg","contentUrl":"https:\/\/www.ballinipitt.lu\/wp-content\/uploads\/2022\/06\/AI08-ESM-Kirchberg-bureaux-quartier-urbanisme-durable-cradle-to-cradle-toit-vegetalise-web.jpg","width":1200,"height":675,"caption":"Cradle-to-cradle und nachhaltiger B\u00fcrokomplex in Kirchberg"},{"@type":"BreadcrumbList","@id":"https:\/\/www.ballinipitt.lu\/de\/ai08-esm-kirchberg\/#breadcrumb","itemListElement":[{"@type":"ListItem","position":1,"name":"BALLINIPITT","item":"https:\/\/www.ballinipitt.lu\/de\/start\/"},{"@type":"ListItem","position":2,"name":"Projekte","item":"https:\/\/www.ballinipitt.lu\/de\/category\/projekte-de\/"},{"@type":"ListItem","position":3,"name":"Architektur","item":"https:\/\/www.ballinipitt.lu\/de\/category\/projekte-de\/architektur-de\/"},{"@type":"ListItem","position":4,"name":"B\u00fcro","item":"https:\/\/www.ballinipitt.lu\/de\/category\/projekte-de\/architektur-de\/buro-de\/"},{"@type":"ListItem","position":5,"name":"ESM Kirchberg"}]},{"@type":"WebSite","@id":"https:\/\/www.ballinipitt.lu\/de\/#website","url":"https:\/\/www.ballinipitt.lu\/de\/","name":"BALLINIPITT architectes urbanistes","description":"Bureau d&#039;architecture et d&#039;urbanisme bas\u00e9 au Luxembourg","publisher":{"@id":"https:\/\/www.ballinipitt.lu\/de\/#organization"},"potentialAction":[{"@type":"SearchAction","target":{"@type":"EntryPoint","urlTemplate":"https:\/\/www.ballinipitt.lu\/de\/?s={search_term_string}"},"query-input":{"@type":"PropertyValueSpecification","valueRequired":true,"valueName":"search_term_string"}}],"inLanguage":"de-DE"},{"@type":"Organization","@id":"https:\/\/www.ballinipitt.lu\/de\/#organization","name":"BALLINIPITT architectes urbanistes","alternateName":"BALLINIPITT","url":"https:\/\/www.ballinipitt.lu\/de\/","logo":{"@type":"ImageObject","inLanguage":"de-DE","@id":"https:\/\/www.ballinipitt.lu\/de\/#\/schema\/logo\/image\/","url":"https:\/\/www.ballinipitt.lu\/wp-content\/uploads\/2022\/05\/cropped-BALLINIPITT-architectes-urbanistes-basic-bk-transparent-100x470-1.gif","contentUrl":"https:\/\/www.ballinipitt.lu\/wp-content\/uploads\/2022\/05\/cropped-BALLINIPITT-architectes-urbanistes-basic-bk-transparent-100x470-1.gif","width":350,"height":100,"caption":"BALLINIPITT architectes urbanistes"},"image":{"@id":"https:\/\/www.ballinipitt.lu\/de\/#\/schema\/logo\/image\/"},"sameAs":["https:\/\/www.facebook.com\/Ballinipitt","https:\/\/x.com\/BALLINIPITT","https:\/\/www.instagram.com\/ballinipitt","https:\/\/www.linkedin.com\/company\/ballinipitt-architectes-urbaniste\/"]},{"@type":"Person","@id":"https:\/\/www.ballinipitt.lu\/de\/#\/schema\/person\/f41b17c894d26d59561e8559cfe20059","name":"BALLINIPITT","sameAs":["https:\/\/www.ballinipitt.lu","https:\/\/www.facebook.com\/ballinipitt","https:\/\/www.instagram.com\/ballinipitt","https:\/\/www.linkedin.com\/company\/ballinipitt-architectes-urbanistes\/","https:\/\/x.com\/BALLINIPITT"]}]}},"fifu_image_url":"https:\/\/www.ballinipitt.lu\/wp-content\/uploads\/2022\/06\/AI08-ESM-Kirchberg-bureaux-quartier-urbanisme-durable-cradle-to-cradle-toit-vegetalise-web-768x432.jpg","_links":{"self":[{"href":"https:\/\/www.ballinipitt.lu\/de\/wp-json\/wp\/v2\/posts\/2630","targetHints":{"allow":["GET"]}}],"collection":[{"href":"https:\/\/www.ballinipitt.lu\/de\/wp-json\/wp\/v2\/posts"}],"about":[{"href":"https:\/\/www.ballinipitt.lu\/de\/wp-json\/wp\/v2\/types\/post"}],"author":[{"embeddable":true,"href":"https:\/\/www.ballinipitt.lu\/de\/wp-json\/wp\/v2\/users\/1"}],"replies":[{"embeddable":true,"href":"https:\/\/www.ballinipitt.lu\/de\/wp-json\/wp\/v2\/comments?post=2630"}],"version-history":[{"count":10,"href":"https:\/\/www.ballinipitt.lu\/de\/wp-json\/wp\/v2\/posts\/2630\/revisions"}],"predecessor-version":[{"id":5891,"href":"https:\/\/www.ballinipitt.lu\/de\/wp-json\/wp\/v2\/posts\/2630\/revisions\/5891"}],"wp:featuredmedia":[{"embeddable":true,"href":"https:\/\/www.ballinipitt.lu\/de\/wp-json\/wp\/v2\/media\/2368"}],"wp:attachment":[{"href":"https:\/\/www.ballinipitt.lu\/de\/wp-json\/wp\/v2\/media?parent=2630"}],"wp:term":[{"taxonomy":"category","embeddable":true,"href":"https:\/\/www.ballinipitt.lu\/de\/wp-json\/wp\/v2\/categories?post=2630"},{"taxonomy":"post_tag","embeddable":true,"href":"https:\/\/www.ballinipitt.lu\/de\/wp-json\/wp\/v2\/tags?post=2630"}],"curies":[{"name":"wp","href":"https:\/\/api.w.org\/{rel}","templated":true}]}}